{"id":81051,"date":"2022-12-27T09:57:08","date_gmt":"2022-12-27T08:57:08","guid":{"rendered":"https:\/\/miurltemporal.com/main/triatletasenred.sport.es\/?p=81051"},"modified":"2022-12-27T09:57:08","modified_gmt":"2022-12-27T08:57:08","slug":"sedescopaespanatrimdyld2023","status":"publish","type":"post","link":"https:\/\/miurltemporal.com/main/triatletasenred.sport.es\/actualidad\/sedescopaespanatrimdyld2023\/","title":{"rendered":"PRESENTADAS las sedes de la Copa de Espa\u00f1a de Triatl\u00f3n de Media y Larga Distancia para 2023"},"content":{"rendered":"<h3><strong>Dos nuevas sedes en el calendario y un aumento de los premios econ\u00f3micos para los clubes son las cartas de presentaci\u00f3n del circuito copero de Media y Larga Distancia.<\/strong><\/h3>\n<p><\/a><\/p>\n<p style=\"font-weight: 400;\">El prestigioso circuito nacional de la Copa de Espa\u00f1a de Triatl\u00f3n de Media y Larga Distancia recorrer\u00e1 un a\u00f1o m\u00e1s algunas de las mejores pruebas nacionales en unos enclaves ideales y bajo el paraguas de la FETRI junto a contrastadas organizaciones para dar a conocer a los mejores clubes nacionales de la modalidad.<\/p>\n<p style=\"font-weight: 400;\">Entre las novedades de la pr\u00f3xima campa\u00f1a destaca la <strong>ampliaci\u00f3n de la premiaci\u00f3n econ\u00f3mica a los clubes<\/strong> respecto a anteriores ediciones y la presencia de dos nuevas sedes al circuito como son el <strong>Triatl\u00f3n de Media Distancia de Salamanca<\/strong>, sede del Campeonato de Espa\u00f1a de Media Distancia en 2023, y el <strong>Bilbao Triathlon<\/strong> que, tras albergar el Campeonato de Europa en 2022, supone una gran incorporaci\u00f3n para la competici\u00f3n copera.<\/p>\n<p style=\"font-weight: 400;\">En este escenario, y con las novedades comentadas, el calendario de Copa de Espa\u00f1a de Triatl\u00f3n de Media y Larga Distancia se establece en las siguientes fechas.<\/p>\n<ul>\n<li>13 de mayo, Platja D\u2019Aro (Girona)\n<ul>\n<li><a href=\"https:\/\/www.1406inn.com\/\" rel=\"nofollow noopener\" target=\"_blank\"><strong>TRADEINN 140.6INN International Triathlon<\/strong><\/a>, <strong>Campeonato de Espa\u00f1a de Triatl\u00f3n de Larga Distancia<\/strong><\/li>\n<\/ul>\n<\/li>\n<li>20 de mayo, Pamplona\n<ul>\n<li><a href=\"https:\/\/www.triatlonpamplona.es\/\" rel=\"nofollow noopener\" target=\"_blank\"><strong>Half Triathlon Pamplona Iru\u00f1a<\/strong><\/a><\/li>\n<\/ul>\n<\/li>\n<li>17 de junio, Salamanca\n<ul>\n<li><strong>Triatl\u00f3n de Media Distancia de Salamanca<\/strong><strong>, Campeonato de Espa\u00f1a de Triatl\u00f3n de Media Distancia<\/strong><\/li>\n<\/ul>\n<\/li>\n<li>30 de septiembre, Bilbao\n<ul>\n<li><a href=\"https:\/\/bilbaotriathlon.com\/\" rel=\"nofollow noopener\" target=\"_blank\"><strong>Bilbao Triathlon<\/strong><\/a><\/li>\n<\/ul>\n<\/li>\n<li>14 de octubre, Paguera (Mallorca)\n<ul>\n<li><strong>Challenge Paguera Mallorca<\/strong><\/li>\n<\/ul>\n<\/li>\n<li>22 de octubre, Ibiza\n<ul>\n<li><a href=\"https:\/\/triatlonibiza.com\/\" rel=\"nofollow noopener\" target=\"_blank\"><strong>Ibiza Half Triathlon<\/strong><\/a><\/li>\n<\/ul>\n<\/li>\n<\/ul>\n<p style=\"font-weight: 400;\">Los clubes aspirantes al t\u00edtulo copero deber\u00e1n puntuar al menos en 3 competiciones y al menos una de ellas en escenarios de Campeonato de Espa\u00f1a como dictan las <a href=\"https:\/\/triatlon.org\/wp-content\/uploads\/2022\/12\/Circular.19.22-Competiciones-Bases-Reguladoras-competiciones-federadas-oficiales-de-ambito-estatal-2023.pdf\" rel=\"nofollow noopener\" target=\"_blank\">bases reguladoras publicadas por la Federaci\u00f3n Espa\u00f1ola de Triatl\u00f3n<\/a><\/p>\n<p style=\"font-weight: 400;\">Es Importante recordar que todas las pruebas que forman parte de esta Copa ser\u00e1n a la vez sedes del Ranking de Triatl\u00f3n de Media y Larga Distancia, al que optan los y las triatletas en competici\u00f3n individual y para el que estos eventos coperos otorgan puntos adicionales.<\/p>\n<div class=\"youtube-embed\" data-video_id=\"PJmsBUyZyCM\"><iframe title=\"Especial NO KONA \ud83c\udf3a Cr\u00f3nica de una \u00bfMUERTE? anunciada!\" width=\"696\" height=\"392\" src=\"https:\/\/www.youtube.com\/embed\/PJmsBUyZyCM?start=2&#038;feature=oembed\" frameborder=\"0\" allow=\"accelerometer; autoplay; clipboard-write; encrypted-media; gyroscope; picture-in-picture; web-share\" referrerpolicy=\"strict-origin-when-cross-origin\" allowfullscreen><\/iframe><\/div>\n","protected":false},"excerpt":{"rendered":"<p>Dos nuevas sedes en el calendario y un aumento de los premios para los clubes son las cartas de presentaci\u00f3n del circuito copero de triatl\u00f3n<\/p>\n","protected":false},"author":322,"featured_media":81052,"comment_status":"closed","ping_status":"closed","sticky":false,"template":"","format":"standard","meta":{"_acf_changed":false,"rank_math_lock_modified_date":false,"footnotes":""},"categories":[17,19,1191],"tags":[9564],"class_list":{"0":"post-81051","1":"post","2":"type-post","3":"status-publish","4":"format-standard","5":"has-post-thumbnail","7":"category-actualidad","8":"category-competiciones","10":"tag-copadeespanatriatlon"},"acf":[],"_links":{"self":[{"href":"https:\/\/miurltemporal.com/main/triatletasenred.sport.es\/wp-json\/wp\/v2\/posts\/81051"}],"collection":[{"href":"https:\/\/miurltemporal.com/main/triatletasenred.sport.es\/wp-json\/wp\/v2\/posts"}],"about":[{"href":"https:\/\/miurltemporal.com/main/triatletasenred.sport.es\/wp-json\/wp\/v2\/types\/post"}],"author":[{"embeddable":true,"href":"https:\/\/miurltemporal.com/main/triatletasenred.sport.es\/wp-json\/wp\/v2\/users\/322"}],"replies":[{"embeddable":true,"href":"https:\/\/miurltemporal.com/main/triatletasenred.sport.es\/wp-json\/wp\/v2\/comments?post=81051"}],"version-history":[{"count":1,"href":"https:\/\/miurltemporal.com/main/triatletasenred.sport.es\/wp-json\/wp\/v2\/posts\/81051\/revisions"}],"predecessor-version":[{"id":81053,"href":"https:\/\/miurltemporal.com/main/triatletasenred.sport.es\/wp-json\/wp\/v2\/posts\/81051\/revisions\/81053"}],"wp:featuredmedia":[{"embeddable":true,"href":"https:\/\/miurltemporal.com/main/triatletasenred.sport.es\/wp-json\/wp\/v2\/media\/81052"}],"wp:attachment":[{"href":"https:\/\/miurltemporal.com/main/triatletasenred.sport.es\/wp-json\/wp\/v2\/media?parent=81051"}],"wp:term":[{"taxonomy":"category","embeddable":true,"href":"https:\/\/miurltemporal.com/main/triatletasenred.sport.es\/wp-json\/wp\/v2\/categories?post=81051"},{"taxonomy":"post_tag","embeddable":true,"href":"https:\/\/miurltemporal.com/main/triatletasenred.sport.es\/wp-json\/wp\/v2\/tags?post=81051"}],"curies":[{"name":"wp","href":"https:\/\/api.w.org\/{rel}","templated":true}]}}