{"id":80901,"date":"2022-12-13T10:00:29","date_gmt":"2022-12-13T09:00:29","guid":{"rendered":"https:\/\/miurltemporal.com/main/triatletasenred.sport.es\/?p=80901"},"modified":"2022-12-13T10:00:29","modified_gmt":"2022-12-13T09:00:29","slug":"specialized-fusila-a-varios-atletas-patrocinados","status":"publish","type":"post","link":"https:\/\/miurltemporal.com/main/triatletasenred.sport.es\/actualidad\/specialized-fusila-a-varios-atletas-patrocinados\/","title":{"rendered":"Specialized &#8216;fusila&#8217; a varios atletas patrocinados"},"content":{"rendered":"<h3>La marca americana ha decidido poner fin a varios contratos de patrocinio, siendo el triatl\u00f3n uno de los principales afectados<\/h3>\n<p><\/a><\/p>\n<p>&#8220;Ha sido un placer. El triatl\u00f3n os echar\u00e1 de menos&#8221;. Escrib\u00eda ayer Josh Amberger en su cuenta de Instagram. El australiano anunciaba as\u00ed, el fin de su relaci\u00f3n con la marca de la S rasgada, tras 2 a\u00f1os siendo imagen de la misma. Las alarmas saltaron estas \u00faltimas dos temporadas con la marcha de varios atletas como G\u00f3mez Noya, Lucy Charles o Kristian Blummenfelt. Todo parec\u00eda indicar que desde Morgan Hill estaban dando un cambio de rumbo en la pol\u00edtica de esponsorizaci\u00f3n de deportistas, y el triatl\u00f3n estaba en camino de ser guillotinado. La decisi\u00f3n ha sorprendido en mayor medida, a algunos ciclistas cuyo principal fuente de ingresos era el sueldo de la marca. Mayormente, era algo que ocurr\u00eda con ciclistas de aventura, algo m\u00e1s com\u00fan en Estados Unidos.<\/p>\n<p>Seg\u00fan muchos atletas con diferentes tipos de acuerdo -desde cesi\u00f3n por temporada hasta\u00a0 grandes contratos- el mensaje desde la central era claro: es el fin. Seg\u00fan <em>VeloNews,\u00a0<\/em>podr\u00edan llegar a ser 40 los afectados por esta modificaci\u00f3n del programa. A\u00fan as\u00ed, desde Specialized aseguran que solo se trata de una medida de adaptaci\u00f3n a las nuevas necesidades. &#8220;Desde la pandemia, las marcas han hecho frente a un incremento de demanda, acompa\u00f1ado de una oferta muy limitada, que ha terminado con el despido de mucho personal.&#8221;<\/p>\n<h4>\u00bfQui\u00e9n sigue?<\/h4>\n<p>En corta distancia siguen quedando figuras de primer\u00edsimo nivel como Georgia Taylor-Brown, Hayden Wilde, Flora Duffy y Vincent Luis, aunque no sabemos si dichos acuerdos durar\u00e1n hasta Paris. En larga tenemos a Paula Findlay y al mismo Vicent, que tambi\u00e9n corre pruebas sin drafting. Otros atletas como Miriam Casillas tienen acuerdos con la distribuidora nacional (en el caso de Miriam es Specialized Espa\u00f1a), que podr\u00edan quedar al margen de las decisiones que se tomen en los atletas con acuerdos con la &#8216;marca madre&#8217;. Veremos si hay m\u00e1s &#8216;v\u00edctimas&#8217;&#8230;<\/p>\n<div class=\"youtube-embed\" data-video_id=\"wCkbGSsHwPQ\"><iframe title=\"Visitamos una piscina &quot;TECNOL\u00d3GICA&quot; : SWIMLAB by PROAM Training\" width=\"696\" height=\"392\" src=\"https:\/\/www.youtube.com\/embed\/wCkbGSsHwPQ?start=103&#038;feature=oembed\" frameborder=\"0\" allow=\"accelerometer; autoplay; clipboard-write; encrypted-media; gyroscope; picture-in-picture\" allowfullscreen><\/iframe><\/div>\n","protected":false},"excerpt":{"rendered":"<p>La marca americana ha decidido poner fin a varios contratos de patrocinio, siendo el triatl\u00f3n uno de los principales afectados &#8220;Ha sido un placer. El triatl\u00f3n os echar\u00e1 de menos&#8221;. Escrib\u00eda ayer Josh Amberger en su cuenta de Instagram. El australiano anunciaba as\u00ed, el fin de su relaci\u00f3n con la marca de la S rasgada, [&hellip;]<\/p>\n","protected":false},"author":309,"featured_media":80902,"comment_status":"closed","ping_status":"closed","sticky":false,"template":"","format":"standard","meta":{"_acf_changed":false,"rank_math_lock_modified_date":false,"footnotes":""},"categories":[17],"tags":[9555],"class_list":{"0":"post-80901","1":"post","2":"type-post","3":"status-publish","4":"format-standard","5":"has-post-thumbnail","7":"category-actualidad","8":"tag-josh-amberger-specialized"},"acf":[],"_links":{"self":[{"href":"https:\/\/miurltemporal.com/main/triatletasenred.sport.es\/wp-json\/wp\/v2\/posts\/80901"}],"collection":[{"href":"https:\/\/miurltemporal.com/main/triatletasenred.sport.es\/wp-json\/wp\/v2\/posts"}],"about":[{"href":"https:\/\/miurltemporal.com/main/triatletasenred.sport.es\/wp-json\/wp\/v2\/types\/post"}],"author":[{"embeddable":true,"href":"https:\/\/miurltemporal.com/main/triatletasenred.sport.es\/wp-json\/wp\/v2\/users\/309"}],"replies":[{"embeddable":true,"href":"https:\/\/miurltemporal.com/main/triatletasenred.sport.es\/wp-json\/wp\/v2\/comments?post=80901"}],"version-history":[{"count":3,"href":"https:\/\/miurltemporal.com/main/triatletasenred.sport.es\/wp-json\/wp\/v2\/posts\/80901\/revisions"}],"predecessor-version":[{"id":80905,"href":"https:\/\/miurltemporal.com/main/triatletasenred.sport.es\/wp-json\/wp\/v2\/posts\/80901\/revisions\/80905"}],"wp:featuredmedia":[{"embeddable":true,"href":"https:\/\/miurltemporal.com/main/triatletasenred.sport.es\/wp-json\/wp\/v2\/media\/80902"}],"wp:attachment":[{"href":"https:\/\/miurltemporal.com/main/triatletasenred.sport.es\/wp-json\/wp\/v2\/media?parent=80901"}],"wp:term":[{"taxonomy":"category","embeddable":true,"href":"https:\/\/miurltemporal.com/main/triatletasenred.sport.es\/wp-json\/wp\/v2\/categories?post=80901"},{"taxonomy":"post_tag","embeddable":true,"href":"https:\/\/miurltemporal.com/main/triatletasenred.sport.es\/wp-json\/wp\/v2\/tags?post=80901"}],"curies":[{"name":"wp","href":"https:\/\/api.w.org\/{rel}","templated":true}]}}