{"id":80887,"date":"2022-12-12T10:06:20","date_gmt":"2022-12-12T09:06:20","guid":{"rendered":"https:\/\/miurltemporal.com/main/triatletasenred.sport.es\/?p=80887"},"modified":"2022-12-13T10:16:47","modified_gmt":"2022-12-13T09:16:47","slug":"los-nominados-a-global-triathlon-awards","status":"publish","type":"post","link":"https:\/\/miurltemporal.com/main/triatletasenred.sport.es\/actualidad\/los-nominados-a-global-triathlon-awards\/","title":{"rendered":"Los nominados a los Global Triathlon Awards"},"content":{"rendered":"<h3>Por primera vez en la historia de este deporte se van celebrar\u00e1n los &#8220;Premios Globales de Triatl\u00f3n&#8221; para reconocer a deportistas, marcas y asociaciones.<\/h3>\n<p><a href=\"https:\/\/zone3.es\/\" rel=\"nofollow noopener\" target=\"_blank\"><img fetchpriority=\"high\" decoding=\"async\" class=\"alignnone size-full wp-image-66903\" src=\"https:\/\/miurltemporal.com/main/triatletasenred.sport.es\/wp-content\/uploads\/Banner-Zone3-746x149px.gif\" alt=\"\" width=\"746\" height=\"149\" \/><\/a><\/p>\n<p>El pr\u00f3ximo 20 de enero de 2023, en la ciudad costera de Niza, conocida por albergar una de las pruebas IRONMAN m\u00e1s m\u00edticas, se celebrar\u00e1 la primera edici\u00f3n de los <em><strong>Global Triathlon Awards<\/strong><\/em>.<\/p>\n<p>Con la intenci\u00f3n de <strong>llenar el vac\u00edo que existe respecto al reconocimiento a nivel global de este deporte<\/strong>, la World Triathlon -federaci\u00f3n internacional de triatl\u00f3n-, la Professional Triathletes Organisation, Super League Triathlon, Xterra y Ekoi, se han asociado para sacar adelante este evento.<\/p>\n<p>A continuaci\u00f3n os dejamos las <strong>11 categor\u00edas<\/strong> que entregar\u00e1n premios y los respectivos nominados.<\/p>\n<h3>Mejor producto de nataci\u00f3n<\/h3>\n<ul>\n<li>Gafas FORM Smart Swim<\/li>\n<li>Neopreno Aquasphere Pantom<\/li>\n<li>Deboer Wetsuits Fjord 2.0<\/li>\n<li>Swimtraxx One<\/li>\n<li>Gafas Aquasphere Kayenne Pro<\/li>\n<\/ul>\n<h3>Mejor producto de ciclismo<\/h3>\n<ul>\n<li>Canyon Speedmax CF8 Disc<\/li>\n<li>Zwift HUB<\/li>\n<li>Ekoi Veloce<\/li>\n<li>Canyon Speedmax CFR Disc<\/li>\n<li>Atom Wattbike<\/li>\n<\/ul>\n<h3>Mejor producto de carrera a pie<\/h3>\n<ul>\n<li>On Running Cloud on Monster<\/li>\n<li>Stryd Run Pod<\/li>\n<li>Nopinz Aeroforce X Trisuit<\/li>\n<li>Zapatillas Asics Metaspeed Edge+<\/li>\n<\/ul>\n<h3>Producto de nutrici\u00f3n destacado<\/h3>\n<ul>\n<li>Precision Fuel &amp; Hydration PF30 Gel<\/li>\n<li>Maurten Hydrogel<\/li>\n<li>Precision Fuel &amp; Hydration PF90 Gel<\/li>\n<li>Sis Beta Fuel<\/li>\n<li>Maurten Drink Mix 320<\/li>\n<\/ul>\n<h3>Producto tecnol\u00f3gico destacado<\/h3>\n<ul>\n<li>Lever<\/li>\n<li>Strava<\/li>\n<li>Race Ranger<\/li>\n<li>Fuelin<\/li>\n<li>Supersapiens<\/li>\n<\/ul>\n<h3>Mejor triatleta masculino<\/h3>\n<ul>\n<li>Hayden Wilde<\/li>\n<li>Gustav Iden<\/li>\n<li>Kristian Blummenfelt<\/li>\n<li>Alex Yee<\/li>\n<li>Matthew Hauser<\/li>\n<\/ul>\n<h3>Mejor triatleta femenina<\/h3>\n<ul>\n<li>Flora Duffy<\/li>\n<li>Ashleigh Gentle<\/li>\n<li>Georgia Taylor-Brown<\/li>\n<li>Lucy Charles-Barclay<\/li>\n<li>Chelsea Sodaro<\/li>\n<\/ul>\n<h3>Rookie del a\u00f1o<\/h3>\n<ul>\n<li>Katie Crowhurst<\/li>\n<li>Sam Laidlow<\/li>\n<li>Connor Bentley<\/li>\n<li>Chelsea Sodaro<\/li>\n<li>Kenji Nener<\/li>\n<\/ul>\n<h3>Contribuyente destacado<\/h3>\n<ul>\n<li>Sophia Saller, Emprendedora Tri-Stats<\/li>\n<li>Nicola Dick, British Triathlon Age Group Director Volunteer<\/li>\n<li>Talbot Cox, Productor de video &amp; Embajador de Triatl\u00f3n<\/li>\n<li>Tanakorn Cheeptumrong, Entrenador de Triatl\u00f3n<\/li>\n<li>Kelly O\u2019Mara, Ex editora jefe en Triathlete Magazine USA<\/li>\n<\/ul>\n<h3>The Lifetime Kudos (Contribuyente)<\/h3>\n<ul>\n<li>Se dir\u00e1n los ganadores el d\u00eda de la gala.<\/li>\n<\/ul>\n<h3>The Lifetime Kudos (Triatleta)<\/h3>\n<ul>\n<li>Se dir\u00e1n los ganadores el d\u00eda de la gala.<\/li>\n<\/ul>\n<div class=\"youtube-embed\" data-video_id=\"wCkbGSsHwPQ\"><iframe title=\"Visitamos una piscina &quot;TECNOL\u00d3GICA&quot; : SWIMLAB by PROAM Training\" width=\"696\" height=\"392\" src=\"https:\/\/www.youtube.com\/embed\/wCkbGSsHwPQ?start=1&#038;feature=oembed\" frameborder=\"0\" allow=\"accelerometer; autoplay; clipboard-write; encrypted-media; gyroscope; picture-in-picture\" allowfullscreen><\/iframe><\/div>\n","protected":false},"excerpt":{"rendered":"<p>Por primera vez en la historia de este deporte se van celebrar\u00e1n los &#8220;Premios Globales de Triatl\u00f3n&#8221; para reconocer a deportistas, marcas y asociaciones.<\/p>\n","protected":false},"author":324,"featured_media":80906,"comment_status":"closed","ping_status":"closed","sticky":false,"template":"","format":"standard","meta":{"_acf_changed":false,"rank_math_lock_modified_date":false,"footnotes":""},"categories":[17],"tags":[9553],"class_list":{"0":"post-80887","1":"post","2":"type-post","3":"status-publish","4":"format-standard","5":"has-post-thumbnail","7":"category-actualidad","8":"tag-global-triathlon-awardds"},"acf":[],"_links":{"self":[{"href":"https:\/\/miurltemporal.com/main/triatletasenred.sport.es\/wp-json\/wp\/v2\/posts\/80887"}],"collection":[{"href":"https:\/\/miurltemporal.com/main/triatletasenred.sport.es\/wp-json\/wp\/v2\/posts"}],"about":[{"href":"https:\/\/miurltemporal.com/main/triatletasenred.sport.es\/wp-json\/wp\/v2\/types\/post"}],"author":[{"embeddable":true,"href":"https:\/\/miurltemporal.com/main/triatletasenred.sport.es\/wp-json\/wp\/v2\/users\/324"}],"replies":[{"embeddable":true,"href":"https:\/\/miurltemporal.com/main/triatletasenred.sport.es\/wp-json\/wp\/v2\/comments?post=80887"}],"version-history":[{"count":1,"href":"https:\/\/miurltemporal.com/main/triatletasenred.sport.es\/wp-json\/wp\/v2\/posts\/80887\/revisions"}],"predecessor-version":[{"id":80890,"href":"https:\/\/miurltemporal.com/main/triatletasenred.sport.es\/wp-json\/wp\/v2\/posts\/80887\/revisions\/80890"}],"wp:featuredmedia":[{"embeddable":true,"href":"https:\/\/miurltemporal.com/main/triatletasenred.sport.es\/wp-json\/wp\/v2\/media\/80906"}],"wp:attachment":[{"href":"https:\/\/miurltemporal.com/main/triatletasenred.sport.es\/wp-json\/wp\/v2\/media?parent=80887"}],"wp:term":[{"taxonomy":"category","embeddable":true,"href":"https:\/\/miurltemporal.com/main/triatletasenred.sport.es\/wp-json\/wp\/v2\/categories?post=80887"},{"taxonomy":"post_tag","embeddable":true,"href":"https:\/\/miurltemporal.com/main/triatletasenred.sport.es\/wp-json\/wp\/v2\/tags?post=80887"}],"curies":[{"name":"wp","href":"https:\/\/api.w.org\/{rel}","templated":true}]}}