{"id":80806,"date":"2022-12-06T11:08:59","date_gmt":"2022-12-06T10:08:59","guid":{"rendered":"https:\/\/miurltemporal.com/main/triatletasenred.sport.es\/?p=80806"},"modified":"2022-12-06T11:08:59","modified_gmt":"2022-12-06T10:08:59","slug":"im-70-3-barein-como-y-cuando-seguir-a-antonio-benito","status":"publish","type":"post","link":"https:\/\/miurltemporal.com/main/triatletasenred.sport.es\/actualidad\/im-70-3-barein-como-y-cuando-seguir-a-antonio-benito\/","title":{"rendered":"IM 70.3 Bar\u00e9in: c\u00f3mo y cu\u00e1ndo seguir a Antonio Benito"},"content":{"rendered":"<h3>Este viernes se celebrar\u00e1 el Campeonato del Medio Oeste de IRONMAN 70.3 en Bar\u00e9in, una de las pruebas m\u00e1s r\u00e1pidas del calendario.<\/h3>\n<p><a href=\"https:\/\/www.canyon.com\/es-es\/bicicletas-de-carretera\/bicicletas-triatlon\/speedmax\/cf\/?utm_medium=special-interest-online&amp;utm_source=triatletasenred&amp;utm_campaign=c0402-bike_push_speedmax_cf\" rel=\"nofollow noopener\" target=\"_blank\"><img fetchpriority=\"high\" decoding=\"async\" class=\"alignnone size-full wp-image-78469\" src=\"https:\/\/miurltemporal.com/main/triatletasenred.sport.es\/wp-content\/uploads\/Banner_canyon_ES_700x150px.gif\" alt=\"\" width=\"700\" height=\"150\" \/><\/a><\/p>\n<p>La temporada de 2022 -si es que se puede considerar que ha acabado- no tuvo el final que Antonio Benito hubiese esperado. Un peque\u00f1o traspi\u00e9 en el Campeonato de Espa\u00f1a de Triatl\u00f3n celebrado en Cartagena, forz\u00f3 a Benito a no tomar la salida en el IM 70.3 Casc\u00e1is ni en el Half de Ibiza el pasado octubre.<\/p>\n<p>Aun as\u00ed, sin saber muy bien si es una continuaci\u00f3n de la pasada temporada, o el inicio de una nueva, Benito tomar\u00e1 la salida este viernes en el <strong>IRONMAN 70.3 Bar\u00e9in,<\/strong> prueba que a su vez ser\u00e1 la sede del <strong>Campeonato del Medio Oeste<\/strong>.<\/p>\n<p>A pesar de su corta experiencia en esta distancia, Antonio Benito <strong>no se ha bajado del segundo escal\u00f3n del podio en ninguna prueba sin drafting que ha corrido este a\u00f1o<\/strong>, y ninguna ha sido de poco nivel: 2\u00ba en el Campeonato de Espa\u00f1a de MD, 1\u00ba en el Zarauzko Triathlon, 2\u00ba en el IM 70.3 Swansea y 1\u00ba en el Campeonato de Europa de Triatl\u00f3n. Actualmente, esto le sit\u00faa en el puesto n\u00ba 60 del <em>PTO World Ranking<\/em> y como uno de los favoritos en esta prueba en la cual parte con el dorsal n\u00ba2.<\/p>\n<p>Justo una semana despu\u00e9s de <a href=\"https:\/\/miurltemporal.com/main/triatletasenred.sport.es\/actualidad\/control-total-de-vincent-luis-para-ganar-el-clash-daytona\/\"><strong>ganar el Clash Daytona<\/strong><\/a>, parece que tambi\u00e9n estar\u00e1 presente en Bar\u00e9in el franc\u00e9s <strong>Vincent Luis<\/strong>. Junto a \u00e9l, en la <em><a href=\"https:\/\/files.constantcontact.com\/a202847d001\/645d9c95-28c4-4bf9-b524-23cd792b1e83.pdf\" rel=\"nofollow noopener\" target=\"_blank\"><strong>start list<\/strong> <\/a><\/em>se pueden leer otros grandes nombres como <strong>Filipe Azevedo, Andrea Salvisverg, Henri Schoeman o Pieter Heemeryck<\/strong>.<\/p>\n<p>Otro espa\u00f1ol tambi\u00e9n presente en la categor\u00eda PRO ser\u00e1 <strong>Eneko Elosegui<\/strong>.<\/p>\n<h3>Cu\u00e1ndo y c\u00f3mo seguir la prueba<\/h3>\n<p>La prueba se disputar\u00e1 este <strong>viernes 9 de diciembre a las 04:30 am (CEST)<\/strong>, y no contar\u00e1 con retransmisi\u00f3n en directo, pero se podr\u00e1n seguir los tiempos de todos los participantes a trav\u00e9s de la app <strong>IRONMAN Tracker<\/strong>.<\/p>\n<h3>Premios IM 70.3 Bar\u00e9in<\/h3>\n<p>Se repartir\u00e1n <strong>$75,000<\/strong> en premios, pagando del primer puesto al d\u00e9cimo, y se entregar\u00e1n <strong>3 <em>slots<\/em><\/strong> para el pr\u00f3ximo mundial de IM 70.3, aunque Benito ya tiene su plaza tras su segundo puesto en el pasado IM 70.3 de Swansea.<\/p>\n<div class=\"youtube-embed\" data-video_id=\"aFh6xdSeMh8\"><iframe title=\"Triatl\u00f3n en Vena #006 - Antonio Benito y los pegatineros\" width=\"696\" height=\"392\" src=\"https:\/\/www.youtube.com\/embed\/aFh6xdSeMh8?start=715&#038;feature=oembed\" frameborder=\"0\" allow=\"accelerometer; autoplay; clipboard-write; encrypted-media; gyroscope; picture-in-picture\" allowfullscreen><\/iframe><\/div>\n","protected":false},"excerpt":{"rendered":"<p>Este viernes se celebrar\u00e1 el Campeonato del Medio Oeste de IRONMAN 70.3 en Bar\u00e9in, una de las pruebas m\u00e1s r\u00e1pidas del calendario.<\/p>\n","protected":false},"author":324,"featured_media":80807,"comment_status":"closed","ping_status":"closed","sticky":false,"template":"","format":"standard","meta":{"_acf_changed":false,"rank_math_lock_modified_date":false,"footnotes":""},"categories":[17],"tags":[3812,9547],"class_list":{"0":"post-80806","1":"post","2":"type-post","3":"status-publish","4":"format-standard","5":"has-post-thumbnail","7":"category-actualidad","8":"tag-antonio-benito","9":"tag-im-70-3-barein"},"acf":[],"_links":{"self":[{"href":"https:\/\/miurltemporal.com/main/triatletasenred.sport.es\/wp-json\/wp\/v2\/posts\/80806"}],"collection":[{"href":"https:\/\/miurltemporal.com/main/triatletasenred.sport.es\/wp-json\/wp\/v2\/posts"}],"about":[{"href":"https:\/\/miurltemporal.com/main/triatletasenred.sport.es\/wp-json\/wp\/v2\/types\/post"}],"author":[{"embeddable":true,"href":"https:\/\/miurltemporal.com/main/triatletasenred.sport.es\/wp-json\/wp\/v2\/users\/324"}],"replies":[{"embeddable":true,"href":"https:\/\/miurltemporal.com/main/triatletasenred.sport.es\/wp-json\/wp\/v2\/comments?post=80806"}],"version-history":[{"count":1,"href":"https:\/\/miurltemporal.com/main/triatletasenred.sport.es\/wp-json\/wp\/v2\/posts\/80806\/revisions"}],"predecessor-version":[{"id":80808,"href":"https:\/\/miurltemporal.com/main/triatletasenred.sport.es\/wp-json\/wp\/v2\/posts\/80806\/revisions\/80808"}],"wp:featuredmedia":[{"embeddable":true,"href":"https:\/\/miurltemporal.com/main/triatletasenred.sport.es\/wp-json\/wp\/v2\/media\/80807"}],"wp:attachment":[{"href":"https:\/\/miurltemporal.com/main/triatletasenred.sport.es\/wp-json\/wp\/v2\/media?parent=80806"}],"wp:term":[{"taxonomy":"category","embeddable":true,"href":"https:\/\/miurltemporal.com/main/triatletasenred.sport.es\/wp-json\/wp\/v2\/categories?post=80806"},{"taxonomy":"post_tag","embeddable":true,"href":"https:\/\/miurltemporal.com/main/triatletasenred.sport.es\/wp-json\/wp\/v2\/tags?post=80806"}],"curies":[{"name":"wp","href":"https:\/\/api.w.org\/{rel}","templated":true}]}}