{"id":80665,"date":"2022-11-29T22:14:05","date_gmt":"2022-11-29T21:14:05","guid":{"rendered":"https:\/\/miurltemporal.com/main/triatletasenred.sport.es\/?p=80665"},"modified":"2022-11-29T22:14:05","modified_gmt":"2022-11-29T21:14:05","slug":"ironman-podria-prohibir-las-zapatillas-de-lange","status":"publish","type":"post","link":"https:\/\/miurltemporal.com/main/triatletasenred.sport.es\/actualidad\/ironman-podria-prohibir-las-zapatillas-de-lange\/","title":{"rendered":"IRONMAN podr\u00eda prohibir las zapatillas de Lange"},"content":{"rendered":"<h3 class=\"p1\">Las Adidas Prime X de las 2h30&#8242; by Patrick Lange podr\u00edan ser vetadas ya que superan los 40mm de tal\u00f3n que impone la World Athletics<\/h3>\n<p><\/a><\/p>\n<p class=\"p3\">Los 2:30:32 de Lange podr\u00edan tardar en ser superados, al menos, por un atleta patrocinado por Adidas. La raz\u00f3n es que IRONMAN podr\u00eda prohibir en competici\u00f3n el modelo Prime X, por tener una suela 10mm m\u00e1s alta en el tal\u00f3n de lo permitido. A priori puede parecer un detalle insignificante, pero cuando se trata de una carrera en fatiga y entre los mejores del mundo, las diferencias \u2018marginales\u2019 pueden ser definitivas.<\/p>\n<p class=\"p3\">A\u00fan no est\u00e1 confirmado, pero el redactor de la revista 220Triathlon Tim Heming, aseguraba que la World Triathlon confirmaba que la entidad revert\u00eda las reglas del principal \u00f3rgano del atletismo mundial. De la misma manera, afirmaban desde la ITU que IRONMAN se pronunciar\u00eda al respecto en breves.<\/p>\n<p class=\"p3\">Algo contradictorio en algunos casos. Por ejemplo, en pruebas IRONMAN que se corran en pa\u00edses d\u00f3nde los oficiales de carrera sean los propios de la federaci\u00f3n nacional. La gran mayor\u00eda de federaciones nacionales copian el reglamento de la World Triathlon, y por ende, no sancionan ni revisan el calzado de los triatletas. Un escenario un tanto quisquilloso si alguien decide meterse en un futuro.<\/p>\n<p class=\"p3\">Paralelamente, hace unas semanas ya se aliment\u00f3 la pol\u00e9mica con la posible prohibici\u00f3n del prototipo On con las que Iden vol\u00f3 en Kona. Unas zapatillas que la marca suiza adapt\u00f3 de las Cloudboom para lograr ese extra de altura en la suela. Algo que ya se baraj\u00f3 en anteriores ocasiones para otros cracks mundiales, aunque las marcas se muestran algo reticentes a lanzar una zapatilla que luego puede ser vetada. Ni la ITU ni IM sancionaron ese par de zapatillas On. Seg\u00fan fuentes autorizadas, desde la World Triathlon se cree que \u201cel grupo de especialistas que estudia la direcci\u00f3n que debe tomar el atletismo en cuanto a las zapatillas\u201d a\u00fan no tiene un discurso firme al respecto. De hecho, desde la WA recomiendan no aplicar sus reglas hasta que no se estipule algo definitivo.<\/p>\n<div class=\"youtube-embed\" data-video_id=\"y2LA_vuqv7s\"><iframe title=\"IRONMAN mueve su mundial DE KONA \ud83d\udeeb . Reaccionamos a la noticia \ud83d\udd25\" width=\"696\" height=\"392\" src=\"https:\/\/www.youtube.com\/embed\/y2LA_vuqv7s?feature=oembed&#038;enablejsapi=1\" frameborder=\"0\" allow=\"accelerometer; autoplay; clipboard-write; encrypted-media; gyroscope; picture-in-picture; web-share\" referrerpolicy=\"strict-origin-when-cross-origin\" allowfullscreen><\/iframe><\/div>\n","protected":false},"excerpt":{"rendered":"<p>Las Adidas Prime X de las 2h30&#8242; by Patrick Lange podr\u00edan ser vetadas ya que superan los 40mm de tal\u00f3n que impone la World Athletics<\/p>\n","protected":false},"author":309,"featured_media":80706,"comment_status":"closed","ping_status":"closed","sticky":false,"template":"","format":"standard","meta":{"_acf_changed":false,"rank_math_lock_modified_date":false,"footnotes":""},"categories":[17],"tags":[9537,6291],"class_list":{"0":"post-80665","1":"post","2":"type-post","3":"status-publish","4":"format-standard","5":"has-post-thumbnail","7":"category-actualidad","8":"tag-adidas-prime-x","9":"tag-patrick-lange"},"acf":[],"_links":{"self":[{"href":"https:\/\/miurltemporal.com/main/triatletasenred.sport.es\/wp-json\/wp\/v2\/posts\/80665"}],"collection":[{"href":"https:\/\/miurltemporal.com/main/triatletasenred.sport.es\/wp-json\/wp\/v2\/posts"}],"about":[{"href":"https:\/\/miurltemporal.com/main/triatletasenred.sport.es\/wp-json\/wp\/v2\/types\/post"}],"author":[{"embeddable":true,"href":"https:\/\/miurltemporal.com/main/triatletasenred.sport.es\/wp-json\/wp\/v2\/users\/309"}],"replies":[{"embeddable":true,"href":"https:\/\/miurltemporal.com/main/triatletasenred.sport.es\/wp-json\/wp\/v2\/comments?post=80665"}],"version-history":[{"count":1,"href":"https:\/\/miurltemporal.com/main/triatletasenred.sport.es\/wp-json\/wp\/v2\/posts\/80665\/revisions"}],"predecessor-version":[{"id":80707,"href":"https:\/\/miurltemporal.com/main/triatletasenred.sport.es\/wp-json\/wp\/v2\/posts\/80665\/revisions\/80707"}],"wp:featuredmedia":[{"embeddable":true,"href":"https:\/\/miurltemporal.com/main/triatletasenred.sport.es\/wp-json\/wp\/v2\/media\/80706"}],"wp:attachment":[{"href":"https:\/\/miurltemporal.com/main/triatletasenred.sport.es\/wp-json\/wp\/v2\/media?parent=80665"}],"wp:term":[{"taxonomy":"category","embeddable":true,"href":"https:\/\/miurltemporal.com/main/triatletasenred.sport.es\/wp-json\/wp\/v2\/categories?post=80665"},{"taxonomy":"post_tag","embeddable":true,"href":"https:\/\/miurltemporal.com/main/triatletasenred.sport.es\/wp-json\/wp\/v2\/tags?post=80665"}],"curies":[{"name":"wp","href":"https:\/\/api.w.org\/{rel}","templated":true}]}}