{"id":80621,"date":"2022-11-25T14:05:26","date_gmt":"2022-11-25T13:05:26","guid":{"rendered":"https:\/\/miurltemporal.com/main/triatletasenred.sport.es\/?p=80621"},"modified":"2022-11-25T14:50:06","modified_gmt":"2022-11-25T13:50:06","slug":"patrick-lange-hace-la-maraton-mas-rapida-de-la-historia-en-im-israel","status":"publish","type":"post","link":"https:\/\/miurltemporal.com/main/triatletasenred.sport.es\/actualidad\/patrick-lange-hace-la-maraton-mas-rapida-de-la-historia-en-im-israel\/","title":{"rendered":"Patrick Lange consigue la marat\u00f3n m\u00e1s r\u00e1pida de la historia en IM Israel"},"content":{"rendered":"<h3>Victoria para Patrick Lange y Ruth Astle en la primera edici\u00f3n del IM Israel, donde Montraveta ha sido nuestro mejor clasificado.<\/h3>\n<p><a href=\"https:\/\/www.canyon.com\/es-es\/bicicletas-de-carretera\/bicicletas-triatlon\/speedmax\/cf\/?utm_medium=special-interest-online&amp;utm_source=triatletasenred&amp;utm_campaign=c0402-bike_push_speedmax_cf\" rel=\"nofollow noopener\" target=\"_blank\"><img fetchpriority=\"high\" decoding=\"async\" class=\"alignnone size-full wp-image-78469\" src=\"https:\/\/miurltemporal.com/main/triatletasenred.sport.es\/wp-content\/uploads\/Banner_canyon_ES_700x150px.gif\" alt=\"\" width=\"700\" height=\"150\" \/><\/a><\/p>\n<p>La primera edici\u00f3n del IM Israel ha comenzado con <strong>una nataci\u00f3n muy r\u00e1pida<\/strong> en el mar de Galilea, la cual Menno Koolhaas y Andrea Salvisberg han completado en solitario tras conseguir nadar los 3.800m en 47&#8217;32&#8221;.<\/p>\n<p>En la 13\u00aa posici\u00f3n, ha salido del agua en tierra de nadie, Peru Alfaro, justo entre el primer y segundo grupo. Jordi Montraveta (35\u00ba) y Julen D\u00edez (38\u00ba), han sido los siguientes espa\u00f1oles en salir del agua.<\/p>\n<p>El sueco <strong>Rober Kallin, se ha encargado de marcar el ritmo en bici<\/strong> (04h07min), un ritmo que \u00fanicamente \u00e9l ha podido aguantar, lo que le ha permitido llegar en solitario a T2 con 1&#8217;32&#8221; sobre Baekkegard, 4&#8242; sobre Angert, y 8&#8242; sobre Lange, que en esos momentos se situaba en 4\u00aa posici\u00f3n.<\/p>\n<p>Por su parte, <strong>Montraveta ha conseguido remontar hasta la 24\u00aa posici\u00f3n en el segmento ciclista<\/strong>, y Julen D\u00edez hasta la 34\u00aa. Peru Alfaro y Xesc Artigues, los otros dos espa\u00f1oles que estaban participando, se han tenido que retirar durante el segmento ciclista.<\/p>\n<h3>\u00bfMejor marat\u00f3n de la historia para Patrick Lange?<\/h3>\n<p>Al final, en la carrera a pie, Kallin ha sufrido por mantener el liderato hasta la media marat\u00f3n, donde le ha tomado el relevo de liderar la prueba Daniel Baekkegard, pero tampoco ha durado mucho ah\u00ed. En el paso por el km 30 de la marat\u00f3n, <strong>Patrick Lange<\/strong>, que venia marcando el mejor parcial, se pon\u00eda <strong>primero<\/strong> ya hasta cruzar la meta en 07h42min.<\/p>\n<p><strong>Baekkegard (7h43) ha aguantado y ha podio entrar en 2\u00aa posici\u00f3n<\/strong>, a 1&#8217;39&#8221; de Lange. <strong>El tercer puesto ha sido para el italiano Gregory Barbany (7h47)<\/strong>, que ha conseguido meterse en el podio gracias a marcar la segunda mejor marat\u00f3n, llev\u00e1ndose as\u00ed el \u00faltimo de los 3 <em>slots<\/em> que se daban en esta prueba.<\/p>\n<p>No se sabe si la distancias de la marat\u00f3n estaban correctas en la carrera a pie -nuestra cabeza no acaba de comprenderlo-, pero Lange ha corrido nada m\u00e1s y nada menos que en <strong>2h30min<\/strong>, lo que viene a ser m\u00e1s de 4 minutos m\u00e1s r\u00e1pido que el mejor tiempo en marat\u00f3n hasta el momento. Mientras, Barnaby ha hecho 2h35min, otra incre\u00edble marca eclipsada por el tiempo de Lange.<\/p>\n<figure id=\"attachment_80631\" aria-describedby=\"caption-attachment-80631\" style=\"width: 1350px\" class=\"wp-caption alignnone\"><img decoding=\"async\" class=\"wp-image-80631 size-full\" src=\"https:\/\/miurltemporal.com/main/triatletasenred.sport.es\/wp-content\/uploads\/Diseno-sin-titulo-2022-11-25T144438.260.png\" alt=\"\" width=\"1350\" height=\"760\" srcset=\"https:\/\/miurltemporal.com/main/triatletasenred.sport.es\/wp-content\/uploads\/Diseno-sin-titulo-2022-11-25T144438.260.png 1350w, https:\/\/miurltemporal.com/main/triatletasenred.sport.es\/wp-content\/uploads\/Diseno-sin-titulo-2022-11-25T144438.260-700x394.png 700w, https:\/\/miurltemporal.com/main/triatletasenred.sport.es\/wp-content\/uploads\/Diseno-sin-titulo-2022-11-25T144438.260-300x169.png 300w, https:\/\/miurltemporal.com/main/triatletasenred.sport.es\/wp-content\/uploads\/Diseno-sin-titulo-2022-11-25T144438.260-1024x576.png 1024w, https:\/\/miurltemporal.com/main/triatletasenred.sport.es\/wp-content\/uploads\/Diseno-sin-titulo-2022-11-25T144438.260-768x432.png 768w, https:\/\/miurltemporal.com/main/triatletasenred.sport.es\/wp-content\/uploads\/Diseno-sin-titulo-2022-11-25T144438.260-696x392.png 696w, https:\/\/miurltemporal.com/main/triatletasenred.sport.es\/wp-content\/uploads\/Diseno-sin-titulo-2022-11-25T144438.260-1068x601.png 1068w, https:\/\/miurltemporal.com/main/triatletasenred.sport.es\/wp-content\/uploads\/Diseno-sin-titulo-2022-11-25T144438.260-746x420.png 746w\" sizes=\"(max-width: 1350px) 100vw, 1350px\" \/><figcaption id=\"caption-attachment-80631\" class=\"wp-caption-text\">Captura de pantalla de la marat\u00f3n de IM Israel de uno de los triatletas profesionales, en la que parece que la carrera a pie no estaba tan corta como nuestra cabeza quiere creer.<\/figcaption><\/figure>\n<p><strong>Montraveta<\/strong> ha seguido con su remontada en la carrera a pie, para acabar cruzando la l\u00ednea de meta en la <strong>20\u00aa posici\u00f3n<\/strong>, con un crono de 8h29min.<\/p>\n<p><strong>Julen D\u00edez<\/strong> tambi\u00e9n ha conseguido remontar algunos puestos y ha finalizado en el<strong> 30\u00ba<\/strong> en una prueba de mucho nivel.<\/p>\n<h3>Dominante victoria de Astle<\/h3>\n<p>A pesar de completar la nataci\u00f3n en 11\u00aa posici\u00f3n, con 6 minutos perdidos respecto a la primera clasificada en esos momentos, Ruth Astle ha llegado a la segunda transici\u00f3n con casi 3 minutos de ventaja respecto a la segunda clasificada, Daniela Bleymehl.<\/p>\n<p><strong>En la carrera a pie, Astle simplemente ha seguido ampliando poco a poco su ventaja, hasta cruzar la meta primera<\/strong>, en un tiempo de 8h41. La segunda posici\u00f3n ha sido para Daniela Bleymehl, y tercera ha sido Barbara Riveros.<\/p>\n<p><strong>Helena Herrero G\u00f3mez<\/strong>, la \u00fanica espa\u00f1ola en la prueba PRO femenina, ha finalizado (a\u00fan por acabar).<\/p>\n<div class=\"youtube-embed\" data-video_id=\"UB3E7Wrr4Ls\"><iframe title=\"Jordi Montraveta, GENERACI\u00d3N Z de nuestro triatl\u00f3n LD\" width=\"696\" height=\"392\" src=\"https:\/\/www.youtube.com\/embed\/UB3E7Wrr4Ls?start=1&#038;feature=oembed\" frameborder=\"0\" allow=\"accelerometer; autoplay; clipboard-write; encrypted-media; gyroscope; picture-in-picture\" allowfullscreen><\/iframe><\/div>\n","protected":false},"excerpt":{"rendered":"<p>Victoria para Patrick Lange y Ruth Astle en la primera edici\u00f3n del IM Israel, donde Montraveta ha sido nuestro mejor clasificado.<\/p>\n","protected":false},"author":324,"featured_media":80628,"comment_status":"closed","ping_status":"closed","sticky":false,"template":"","format":"standard","meta":{"_acf_changed":false,"rank_math_lock_modified_date":false,"footnotes":""},"categories":[17],"tags":[9522,8585,6291],"class_list":{"0":"post-80621","1":"post","2":"type-post","3":"status-publish","4":"format-standard","5":"has-post-thumbnail","7":"category-actualidad","8":"tag-im-israel","9":"tag-jordi-montraveta","10":"tag-patrick-lange"},"acf":[],"_links":{"self":[{"href":"https:\/\/miurltemporal.com/main/triatletasenred.sport.es\/wp-json\/wp\/v2\/posts\/80621"}],"collection":[{"href":"https:\/\/miurltemporal.com/main/triatletasenred.sport.es\/wp-json\/wp\/v2\/posts"}],"about":[{"href":"https:\/\/miurltemporal.com/main/triatletasenred.sport.es\/wp-json\/wp\/v2\/types\/post"}],"author":[{"embeddable":true,"href":"https:\/\/miurltemporal.com/main/triatletasenred.sport.es\/wp-json\/wp\/v2\/users\/324"}],"replies":[{"embeddable":true,"href":"https:\/\/miurltemporal.com/main/triatletasenred.sport.es\/wp-json\/wp\/v2\/comments?post=80621"}],"version-history":[{"count":10,"href":"https:\/\/miurltemporal.com/main/triatletasenred.sport.es\/wp-json\/wp\/v2\/posts\/80621\/revisions"}],"predecessor-version":[{"id":80635,"href":"https:\/\/miurltemporal.com/main/triatletasenred.sport.es\/wp-json\/wp\/v2\/posts\/80621\/revisions\/80635"}],"wp:featuredmedia":[{"embeddable":true,"href":"https:\/\/miurltemporal.com/main/triatletasenred.sport.es\/wp-json\/wp\/v2\/media\/80628"}],"wp:attachment":[{"href":"https:\/\/miurltemporal.com/main/triatletasenred.sport.es\/wp-json\/wp\/v2\/media?parent=80621"}],"wp:term":[{"taxonomy":"category","embeddable":true,"href":"https:\/\/miurltemporal.com/main/triatletasenred.sport.es\/wp-json\/wp\/v2\/categories?post=80621"},{"taxonomy":"post_tag","embeddable":true,"href":"https:\/\/miurltemporal.com/main/triatletasenred.sport.es\/wp-json\/wp\/v2\/tags?post=80621"}],"curies":[{"name":"wp","href":"https:\/\/api.w.org\/{rel}","templated":true}]}}