{"id":80593,"date":"2022-11-23T14:13:26","date_gmt":"2022-11-23T13:13:26","guid":{"rendered":"https:\/\/miurltemporal.com/main/triatletasenred.sport.es\/?p=80593"},"modified":"2022-11-23T14:13:26","modified_gmt":"2022-11-23T13:13:26","slug":"challenge-sigue-ampliando-sus-fronteras-con-la-nueva-sede-en-estambul","status":"publish","type":"post","link":"https:\/\/miurltemporal.com/main/triatletasenred.sport.es\/actualidad\/challenge-sigue-ampliando-sus-fronteras-con-la-nueva-sede-en-estambul\/","title":{"rendered":"Challenge sigue ampliando sus fronteras con la nueva sede en Estambul"},"content":{"rendered":"<h3>Challenge Family va con todo para 2023 y no deja de anunciar nuevas sedes alrededor de diferentes continentes.<\/h3>\n<p><a href=\"https:\/\/www.canyon.com\/es-es\/bicicletas-de-carretera\/bicicletas-triatlon\/speedmax\/cf\/?utm_medium=special-interest-online&amp;utm_source=triatletasenred&amp;utm_campaign=c0402-bike_push_speedmax_cf\" rel=\"nofollow noopener\" target=\"_blank\"><img fetchpriority=\"high\" decoding=\"async\" class=\"alignnone size-full wp-image-78469\" src=\"https:\/\/miurltemporal.com/main/triatletasenred.sport.es\/wp-content\/uploads\/Banner_canyon_ES_700x150px.gif\" alt=\"\" width=\"700\" height=\"150\" \/><\/a><\/p>\n<p>Tras anunciar <a href=\"https:\/\/miurltemporal.com/main/triatletasenred.sport.es\/actualidad\/challenge-family-suma-2-nuevas-sedes-cerca-de-espana\/\"><strong>dos nuevas sedes en el sur de Francia<\/strong><\/a> la semana pasada, con la que ya se sumaban 5 nuevas pruebas para 2023, Challenge Family contin\u00faa ampliando su cartelera de pruebas y ganando terreno.<\/p>\n<p>Ahora ha sido el turno de Estambul, una de las ciudades m\u00e1s importantes y bonitas de Turqu\u00eda, la cual cuenta con la caracter\u00edstica de encontrarse en <strong>2 continentes -Asia y Europa- simult\u00e1neamente<\/strong>. La \u00fanica diferencia es que, esta vez, la primera edici\u00f3n se celebrar\u00e1 bajo <strong>distancia ol\u00edmpica el pr\u00f3ximo 3 de septiembre de 2023<\/strong>, pero con la idea de organizar tambi\u00e9n un triatl\u00f3n de Media Distancia en el futuro.<\/p>\n<p>\u201cNo nos podemos imaginar una ubicaci\u00f3n m\u00e1s espectacular para el primer triatl\u00f3n de Challenge Family en asociaci\u00f3n con la Federaci\u00f3n Turca de Triatl\u00f3n\u201d, ha comentado Jort Vlam, CEO de Challenge Family. \u201cEstambul no necesita presentaci\u00f3n, al ser una de las ciudades m\u00e1s fascinantes del mundo, ubicada en la c\u00faspide del este y el oeste, con su cultura diversa e historia antigua, y con recorridos que abarcan todo este car\u00e1cter \u00fanico. Adem\u00e1s, \u00bfd\u00f3nde m\u00e1s puedes competir en dos continentes en un d\u00eda?&#8221;.<\/p>\n<p>Challenge Estambul dar\u00e1 comienzo en la costa asi\u00e1tica de la ciudad, exactamente en el distrito de Beykoz, con una <strong>nataci\u00f3n pr\u00e1cticamente en l\u00ednea recta, corriente a favor<\/strong>, y con la caracter\u00edstica de una transici\u00f3n situada en los ex-jardines privados de la dinast\u00eda osmanl\u00ed, a las orillas del B\u00f3sforo.<\/p>\n<p>Despu\u00e9s, en el ciclismo, tras una peque\u00f1a subida, los atletas podr\u00e1n recorrer las r\u00e1pidas carreteras turcas, c<strong>ruzando de Asia a Europa en una misma competici\u00f3n<\/strong>, algo \u00fanico. La prueba acabar\u00e1 con una carrera a pie viendo otras partes del B\u00f3sforo, palacios hist\u00f3ricos e incre\u00edbles mansiones.<\/p>\n<p>&nbsp;<\/p>\n<div class=\"youtube-embed\" data-video_id=\"WGBMd7tYiI0\"><iframe title=\"Triatl\u00f3n en Vena \ud83d\udc8912: Lo de GURUTZE y la previa de la GRAN FINAL de las Series Mundiales\" width=\"696\" height=\"392\" src=\"https:\/\/www.youtube.com\/embed\/WGBMd7tYiI0?start=1115&#038;feature=oembed\" frameborder=\"0\" allow=\"accelerometer; autoplay; clipboard-write; encrypted-media; gyroscope; picture-in-picture; web-share\" referrerpolicy=\"strict-origin-when-cross-origin\" allowfullscreen><\/iframe><\/div>\n","protected":false},"excerpt":{"rendered":"<p>Challenge Family va con todo para 2023 y no deja de anunciar nuevas sedes alrededor de diferentes continentes.<\/p>\n","protected":false},"author":324,"featured_media":80594,"comment_status":"closed","ping_status":"closed","sticky":false,"template":"","format":"standard","meta":{"_acf_changed":false,"rank_math_lock_modified_date":false,"footnotes":""},"categories":[17],"tags":[9523,585],"class_list":{"0":"post-80593","1":"post","2":"type-post","3":"status-publish","4":"format-standard","5":"has-post-thumbnail","7":"category-actualidad","8":"tag-challenge-estambul","9":"tag-challenge-family"},"acf":[],"_links":{"self":[{"href":"https:\/\/miurltemporal.com/main/triatletasenred.sport.es\/wp-json\/wp\/v2\/posts\/80593"}],"collection":[{"href":"https:\/\/miurltemporal.com/main/triatletasenred.sport.es\/wp-json\/wp\/v2\/posts"}],"about":[{"href":"https:\/\/miurltemporal.com/main/triatletasenred.sport.es\/wp-json\/wp\/v2\/types\/post"}],"author":[{"embeddable":true,"href":"https:\/\/miurltemporal.com/main/triatletasenred.sport.es\/wp-json\/wp\/v2\/users\/324"}],"replies":[{"embeddable":true,"href":"https:\/\/miurltemporal.com/main/triatletasenred.sport.es\/wp-json\/wp\/v2\/comments?post=80593"}],"version-history":[{"count":1,"href":"https:\/\/miurltemporal.com/main/triatletasenred.sport.es\/wp-json\/wp\/v2\/posts\/80593\/revisions"}],"predecessor-version":[{"id":80596,"href":"https:\/\/miurltemporal.com/main/triatletasenred.sport.es\/wp-json\/wp\/v2\/posts\/80593\/revisions\/80596"}],"wp:featuredmedia":[{"embeddable":true,"href":"https:\/\/miurltemporal.com/main/triatletasenred.sport.es\/wp-json\/wp\/v2\/media\/80594"}],"wp:attachment":[{"href":"https:\/\/miurltemporal.com/main/triatletasenred.sport.es\/wp-json\/wp\/v2\/media?parent=80593"}],"wp:term":[{"taxonomy":"category","embeddable":true,"href":"https:\/\/miurltemporal.com/main/triatletasenred.sport.es\/wp-json\/wp\/v2\/categories?post=80593"},{"taxonomy":"post_tag","embeddable":true,"href":"https:\/\/miurltemporal.com/main/triatletasenred.sport.es\/wp-json\/wp\/v2\/tags?post=80593"}],"curies":[{"name":"wp","href":"https:\/\/api.w.org\/{rel}","templated":true}]}}