{"id":80475,"date":"2022-11-15T05:39:54","date_gmt":"2022-11-15T04:39:54","guid":{"rendered":"https:\/\/miurltemporal.com/main/triatletasenred.sport.es\/?p=80475"},"modified":"2022-11-15T05:45:09","modified_gmt":"2022-11-15T04:45:09","slug":"sara-perez-dar-un-paso-al-lado-corta-distancia","status":"publish","type":"post","link":"https:\/\/miurltemporal.com/main/triatletasenred.sport.es\/actualidad\/sara-perez-dar-un-paso-al-lado-corta-distancia\/","title":{"rendered":"Sara P\u00e9rez: &#8220;Seguramente deba hacerme a un lado y dar paso a las nuevas generaciones&#8221;"},"content":{"rendered":"<h3>Gomar Marchena ha tenido la suerte de entrevistar a Sara P\u00e9rez, quien nos ha explicado muy abiertamente su temporada y su futuro.<\/h3>\n<p><a href=\"https:\/\/www.canyon.com\/es-es\/bicicletas-de-carretera\/bicicletas-triatlon\/speedmax\/cf\/?utm_medium=special-interest-online&amp;utm_source=triatletasenred&amp;utm_campaign=c0402-bike_push_speedmax_cf\" rel=\"nofollow noopener\" target=\"_blank\"><img fetchpriority=\"high\" decoding=\"async\" class=\"alignnone size-full wp-image-78469\" src=\"https:\/\/miurltemporal.com/main/triatletasenred.sport.es\/wp-content\/uploads\/Banner_canyon_ES_700x150px.gif\" alt=\"\" width=\"700\" height=\"150\" \/><\/a><\/p>\n<p>Desde un stage de 4 semanas por Lanzarote, <strong>Sara P\u00e9rez<\/strong>, nos ha regalado 25 minutos de entrevista donde hemos estado charlando sobre el <strong>pasado, presente y futuro<\/strong> de la triatleta madrile\u00f1a.<\/p>\n<h3>Una temporada complicada<\/h3>\n<p>A pesar de la ca\u00edda en bici mientras lideraba el Clash de Miami, se podr\u00eda decir que la temporada comenz\u00f3 bastante bien con las victorias en el Challenge de Mog\u00e1n y The Championship en Samor\u00edn.<\/p>\n<p>Pero, tras esas 2 medallas de oro, unos resultados discretos al intentar retomar la corta distancia, el Covid-19 y un brote de colitis ulcerosa, han hecho que los \u00faltimos meses sean <strong>complicados emocionalmente<\/strong>.<\/p>\n<p>Ahora Sara se encuentra en Lanzarote, <strong>en busca de los n\u00fameros de principios de a\u00f1o<\/strong>, para as\u00ed afrontar como es debido el Clash de Daytona el pr\u00f3ximo 4 de diciembre, y acabar el a\u00f1o con un buen sabor de boca.<\/p>\n<h3>\u00bfHora de dejar la corta distancia?<\/h3>\n<p>Aunque la decisi\u00f3n no est\u00e1 tomada oficialmente, Sara es consciente de que <strong>si quiere vivir del triatl\u00f3n actualmente, su distancia es la media<\/strong>. Por lo que, seguramente dentro de poco, le veamos hacerse a un lado en la corta distancia y de paso a nuevas generaciones sin miedo a tomar algunos riesgos, que a Sara ya no le convienen tomar.<\/p>\n<h3>De vuelta en YouTube<\/h3>\n<p>En busca de intentar <strong>ense\u00f1ar un lado m\u00e1s humano<\/strong>, adem\u00e1s de su faceta como triatleta profesional, la de <strong>CANYON<\/strong> ha decido retomar<a href=\"https:\/\/www.youtube.com\/channel\/UCCkEoPygnTX352EiMwcX-JQ\" rel=\"nofollow noopener\" target=\"_blank\"><strong> su canal YouTube<\/strong><\/a>, donde con la ayuda de Pello Osoro -detr\u00e1s de las c\u00e1maras-, intentar\u00e1 ense\u00f1arnos algo m\u00e1s como es su d\u00eda a d\u00eda o las propias competiciones.<\/p>\n<p>Si quer\u00e9is enteraros en profundidad de todo, os dejamos la entrevista a continuaci\u00f3n. Os prometemos, que vale la pena.<\/p>\n<div class=\"youtube-embed\" data-video_id=\"hCKaUYOx6Nk\"><iframe title=\"SARA PEREZ SALA:  Agradezco la confianza y el apoyo por lo que hago\" width=\"696\" height=\"392\" src=\"https:\/\/www.youtube.com\/embed\/hCKaUYOx6Nk?feature=oembed&#038;enablejsapi=1\" frameborder=\"0\" allow=\"accelerometer; autoplay; clipboard-write; encrypted-media; gyroscope; picture-in-picture\" allowfullscreen><\/iframe><\/div>\n","protected":false},"excerpt":{"rendered":"<p>Gomar Marchena ha tenido la suerte de entrevistar a Sara P\u00e9rez, quien nos ha explicado muy abiertamente su temporada y su futuro.<\/p>\n","protected":false},"author":324,"featured_media":80480,"comment_status":"closed","ping_status":"closed","sticky":false,"template":"","format":"video","meta":{"_acf_changed":false,"rank_math_lock_modified_date":false,"footnotes":""},"categories":[17],"tags":[],"class_list":{"0":"post-80475","1":"post","2":"type-post","3":"status-publish","4":"format-video","5":"has-post-thumbnail","7":"category-actualidad","8":"post_format-post-format-video"},"acf":[],"_links":{"self":[{"href":"https:\/\/miurltemporal.com/main/triatletasenred.sport.es\/wp-json\/wp\/v2\/posts\/80475"}],"collection":[{"href":"https:\/\/miurltemporal.com/main/triatletasenred.sport.es\/wp-json\/wp\/v2\/posts"}],"about":[{"href":"https:\/\/miurltemporal.com/main/triatletasenred.sport.es\/wp-json\/wp\/v2\/types\/post"}],"author":[{"embeddable":true,"href":"https:\/\/miurltemporal.com/main/triatletasenred.sport.es\/wp-json\/wp\/v2\/users\/324"}],"replies":[{"embeddable":true,"href":"https:\/\/miurltemporal.com/main/triatletasenred.sport.es\/wp-json\/wp\/v2\/comments?post=80475"}],"version-history":[{"count":3,"href":"https:\/\/miurltemporal.com/main/triatletasenred.sport.es\/wp-json\/wp\/v2\/posts\/80475\/revisions"}],"predecessor-version":[{"id":80478,"href":"https:\/\/miurltemporal.com/main/triatletasenred.sport.es\/wp-json\/wp\/v2\/posts\/80475\/revisions\/80478"}],"wp:featuredmedia":[{"embeddable":true,"href":"https:\/\/miurltemporal.com/main/triatletasenred.sport.es\/wp-json\/wp\/v2\/media\/80480"}],"wp:attachment":[{"href":"https:\/\/miurltemporal.com/main/triatletasenred.sport.es\/wp-json\/wp\/v2\/media?parent=80475"}],"wp:term":[{"taxonomy":"category","embeddable":true,"href":"https:\/\/miurltemporal.com/main/triatletasenred.sport.es\/wp-json\/wp\/v2\/categories?post=80475"},{"taxonomy":"post_tag","embeddable":true,"href":"https:\/\/miurltemporal.com/main/triatletasenred.sport.es\/wp-json\/wp\/v2\/tags?post=80475"}],"curies":[{"name":"wp","href":"https:\/\/api.w.org\/{rel}","templated":true}]}}