{"id":80366,"date":"2022-11-06T17:50:15","date_gmt":"2022-11-06T16:50:15","guid":{"rendered":"https:\/\/miurltemporal.com/main/triatletasenred.sport.es\/?p=80366"},"modified":"2022-11-06T18:09:54","modified_gmt":"2022-11-06T17:09:54","slug":"historico-serrat-2o-y-sanchez-3o-en-la-wtcs-de-bermudas","status":"publish","type":"post","link":"https:\/\/miurltemporal.com/main/triatletasenred.sport.es\/actualidad\/historico-serrat-2o-y-sanchez-3o-en-la-wtcs-de-bermudas\/","title":{"rendered":"Hist\u00f3rico: Serrat 2\u00ba y S\u00e1nchez 3\u00ba en la WTCS de Bermudas"},"content":{"rendered":"<h3>La #TriArmada est\u00e1 de enhorabuena, \u00a12 espa\u00f1oles se suben al podio de la WTCS Bermudas! Los espa\u00f1oles vuelven a estar en lo m\u00e1s alto de la corta distancia.<\/h3>\n<p><a href=\"https:\/\/www.canyon.com\/es-es\/bicicletas-de-carretera\/bicicletas-triatlon\/speedmax\/cf\/?utm_medium=special-interest-online&amp;utm_source=triatletasenred&amp;utm_campaign=c0402-bike_push_speedmax_cf\" rel=\"nofollow noopener\" target=\"_blank\"><img fetchpriority=\"high\" decoding=\"async\" class=\"alignnone size-full wp-image-78469\" src=\"https:\/\/miurltemporal.com/main/triatletasenred.sport.es\/wp-content\/uploads\/Banner_canyon_ES_700x150px.gif\" alt=\"\" width=\"700\" height=\"150\" \/><\/a><\/p>\n<p>Tras varios a\u00f1os de ausencia, ha regresado la <strong>WTCS de Bermudas<\/strong>, la carrera de Flora Duffy. Una prueba muy caracter\u00edstica por el curioso paisaje de la isla y el entretenido, a la par que duro, segmento ciclista.<\/p>\n<p>Los primeros en competir han sido los chicos, donde hemos contado con la presencia de Mario Mola, Sergio Baxter, Antonio Serrat y Roberto S\u00e1nchez.<\/p>\n<h3>Vincent Luis regresa al mando de las WTCS<\/h3>\n<p>Como en los &#8220;viejos tiempos&#8221;, Vincent Luis volv\u00eda a las WTCS y volv\u00eda a liderar los 1500m de nataci\u00f3n. Tras una nataci\u00f3n y primera transici\u00f3n muy r\u00e1pida, el franc\u00e9s, junto a otros 7 triatletas, entre los que se encontraba el portugu\u00e9s Vasco Vila\u00e7a o el alem\u00e1n Jonas Schomburg, formaban la escapada.<\/p>\n<p>Baxter, Serrat y S\u00e1nchez entraban en un gran grupo perseguidor, donde tambi\u00e9n estaban Blummenfelt, Iden, Yee o Geens, entre muchos otros favoritos. A pesar del gran n\u00famero de triatletas que formaban el grupo, solo unos pocos han entrado al relevo durante las primeras vueltas y eso ha hecho que hasta la 5\u00aa vuelta, fueran perdiendo tiempo.<\/p>\n<p>En las \u00faltimas vueltas han comenzado a trabajar m\u00e1s a conciencia, pero no ha sido lo suficiente como para dar caza a los 7 escapados, lo que ha provocado que acabaran entrando en la segunda transici\u00f3n a 40 segundos.<\/p>\n<p>A pesar de salir de T2 algo rezagado, pronto Luis tomaba el mando y se marchaba en solitario con bastante facilidad, pero el espect\u00e1culo ven\u00eda por detr\u00e1s, y ni m\u00e1s ni menos que por dos espa\u00f1oles. Antonio Serrat se colocaba 2\u00ba al paso por la segunda vuelta, con Jelle Geens pegado a la espalda, y Roberto S\u00e1nchez en 4\u00aa posici\u00f3n pis\u00e1ndoles los talones.<\/p>\n<h3>Podio hist\u00f3rico para Espa\u00f1a<\/h3>\n<p>Al final <strong>Vincent se llevaba la victoria<\/strong>, volviendo por todo lo alto, y <strong>Antonio Serrat (2\u00ba)<\/strong>\u00a0lograba su primer podio en una WTCS, lo mismo para <strong>Roberto S\u00e1nchez<\/strong>, que enganchaba y soltaba a Geens, consiguiendo una <strong>hist\u00f3rica 3\u00aa posici\u00f3n<\/strong>. \u00a1El triatl\u00f3n espa\u00f1ol est\u00e1 de enhorabuena!<\/p>\n<p><strong>Baxter acababa 32\u00ba<\/strong>, tras tener que parar en un <em>penalty box<\/em> y <strong>Mario Mola no consegu\u00eda acabar el ciclismo.<\/strong><\/p>\n<div class=\"youtube-embed\" data-video_id=\"96H6QkLZvTA\"><iframe title=\"Miriam Casillas, el PREMIO a una vida de TRABAJO y ESFUERZO \ud83d\udcaa\ud83c\udffb\" width=\"696\" height=\"392\" src=\"https:\/\/www.youtube.com\/embed\/96H6QkLZvTA?start=13&#038;feature=oembed\" frameborder=\"0\" allow=\"accelerometer; autoplay; clipboard-write; encrypted-media; gyroscope; picture-in-picture; web-share\" referrerpolicy=\"strict-origin-when-cross-origin\" allowfullscreen><\/iframe><\/div>\n","protected":false},"excerpt":{"rendered":"<p>La #TriArmada est\u00e1 de enhorabuena, \u00a12 espa\u00f1oles se suben al podio de la WTCS Bermudas! Los espa\u00f1oles vuelven a estar en lo m\u00e1s alto de la corta distancia.<\/p>\n","protected":false},"author":324,"featured_media":80367,"comment_status":"closed","ping_status":"closed","sticky":false,"template":"","format":"standard","meta":{"_acf_changed":false,"rank_math_lock_modified_date":false,"footnotes":""},"categories":[17],"tags":[4592,6196,9486],"class_list":{"0":"post-80366","1":"post","2":"type-post","3":"status-publish","4":"format-standard","5":"has-post-thumbnail","7":"category-actualidad","8":"tag-antonio-serrat","9":"tag-roberto-sanchez","10":"tag-wtcs-bermuda"},"acf":[],"_links":{"self":[{"href":"https:\/\/miurltemporal.com/main/triatletasenred.sport.es\/wp-json\/wp\/v2\/posts\/80366"}],"collection":[{"href":"https:\/\/miurltemporal.com/main/triatletasenred.sport.es\/wp-json\/wp\/v2\/posts"}],"about":[{"href":"https:\/\/miurltemporal.com/main/triatletasenred.sport.es\/wp-json\/wp\/v2\/types\/post"}],"author":[{"embeddable":true,"href":"https:\/\/miurltemporal.com/main/triatletasenred.sport.es\/wp-json\/wp\/v2\/users\/324"}],"replies":[{"embeddable":true,"href":"https:\/\/miurltemporal.com/main/triatletasenred.sport.es\/wp-json\/wp\/v2\/comments?post=80366"}],"version-history":[{"count":11,"href":"https:\/\/miurltemporal.com/main/triatletasenred.sport.es\/wp-json\/wp\/v2\/posts\/80366\/revisions"}],"predecessor-version":[{"id":80378,"href":"https:\/\/miurltemporal.com/main/triatletasenred.sport.es\/wp-json\/wp\/v2\/posts\/80366\/revisions\/80378"}],"wp:featuredmedia":[{"embeddable":true,"href":"https:\/\/miurltemporal.com/main/triatletasenred.sport.es\/wp-json\/wp\/v2\/media\/80367"}],"wp:attachment":[{"href":"https:\/\/miurltemporal.com/main/triatletasenred.sport.es\/wp-json\/wp\/v2\/media?parent=80366"}],"wp:term":[{"taxonomy":"category","embeddable":true,"href":"https:\/\/miurltemporal.com/main/triatletasenred.sport.es\/wp-json\/wp\/v2\/categories?post=80366"},{"taxonomy":"post_tag","embeddable":true,"href":"https:\/\/miurltemporal.com/main/triatletasenred.sport.es\/wp-json\/wp\/v2\/tags?post=80366"}],"curies":[{"name":"wp","href":"https:\/\/api.w.org\/{rel}","templated":true}]}}