{"id":80319,"date":"2022-11-03T07:00:01","date_gmt":"2022-11-03T06:00:01","guid":{"rendered":"https:\/\/miurltemporal.com/main/triatletasenred.sport.es\/?p=80319"},"modified":"2022-11-03T02:41:59","modified_gmt":"2022-11-03T01:41:59","slug":"como-pasar-de-triatleta-a-ciclista-profesional-en-2-anos","status":"publish","type":"post","link":"https:\/\/miurltemporal.com/main/triatletasenred.sport.es\/actualidad\/como-pasar-de-triatleta-a-ciclista-profesional-en-2-anos\/","title":{"rendered":"\u00bfC\u00f3mo pasar de triatleta a ciclista profesional en 2 a\u00f1os?"},"content":{"rendered":"\r\n<h3>Marcel Camprub\u00ed firmar\u00e1 en 2023 su primer contrato como profesional despu\u00e9s de un paso por el triatl\u00f3n que casi lo deja fuera del deporte<\/h3>\r\n<p><\/a><\/p>\r\n<p>Reinventarse o morir. Los que conocen a Camprub\u00ed saben que tarde o temprano este art\u00edculo ser\u00eda una realidad. Y es que el joven corredor de 21 a\u00f1os ha demostrado en poco tiempo, lo que muchos atletas tardan toda una carrera deportiva en sacar a la luz. Marcel Camprub\u00ed ser\u00e1 ciclista del Q36.5, marca de ropa premium que ser\u00e1 el sponsor principal de un proyecto apadrinado por Vincenzo Nibali y que correr\u00e1 en categor\u00eda Pro Team.<\/p>\r\n<p>Hablamos del que hace apenas 3 a\u00f1os, se planteaba su futuro como deportista, despu\u00e9s de recibir la terrible noticia de que sufr\u00eda una lesi\u00f3n por estr\u00e9s que muy probablemente le impedir\u00eda volver a correr sin dolor. Un dolor que llevaba arrastrando durante meses aunque no le hab\u00eda privado de conseguir grandes resultados a nivel nacional. 3\u00ba de Espa\u00f1a en 2019, as\u00ed como un 4\u00ba puesto en duatl\u00f3n, dan idea de la calidad de Marcel como deportista.<\/p>\r\n<h4>De un varapalo a la luna<\/h4>\r\n<p>Limitado a solo poder nadar y pedalear, se prob\u00f3 en pruebas de ruta exhibiendo buenas prestaciones y fich\u00f3 por un equipo que le ofrec\u00eda la oportunidad de correr pruebas de Copa de Espa\u00f1a. El 2021 fue la verdadera explosi\u00f3n del de Barcelona, despu\u00e9s de unos meses dedicado plenamente a la bicicleta, Marcel sorprendi\u00f3 a todo el mundo logrando el subcampeonato de Espa\u00f1a sub-23, resultado que le vali\u00f3 un pasaje a cualquier filial importante de nuestro pa\u00eds.<\/p>\r\n<h4>El asalto al World Tour<\/h4>\r\n<p>Su elecci\u00f3n fue el Eolo Kometa sub-23 (equipo de Alberto Contador), d\u00f3nde ha tenido la ocasi\u00f3n de medirse con los futuros cracks del ciclismo, sabiendo jugar muy bien las cartas que se le han presentado. Dos victorias generales, en la Vuelta a Cantabria (+ etapa) y en la Vuelta Toledo Imperial, junto con otra etapa en Navarra han sido el mejor escaparate para un ex triatleta que se desenvuelve como pocos cuando el final es duro y hay que sufrir hasta el l\u00edmite del dolor.<\/p>\r\n<p>El Q36.5 heredar\u00e1 parte de la estructura del Qhubeka, con <strong>Douglas Ryder\u00a0<\/strong>al frente, y un equipo de 23 corredores que montar\u00e1n bicicletas Scott. Camprub\u00ed, del 2001, ser\u00e1 uno de ellos, con la compa\u00f1\u00eda de varios ciclistas que ya han estado en Grandes Vueltas y que seguro pueden instruir bien al joven catal\u00e1n. \u00a1Suerte!<\/p>\r\n<p>https:\/\/www.youtube.com\/watch?v=gpoSJPLNcQE&#038;t=234s&#038;ab_channel=CanaldeTRIATL%C3%93NdeTRIATLETASENREDenYOUTUBE<\/p>\r\n","protected":false},"excerpt":{"rendered":"<p>Marcel Camprub\u00ed firmar\u00e1 en 2023 su primer contrato como profesional despu\u00e9s de un paso por el triatl\u00f3n que casi lo deja fuera del deporte<\/p>\n","protected":false},"author":309,"featured_media":80322,"comment_status":"closed","ping_status":"closed","sticky":false,"template":"","format":"standard","meta":{"_acf_changed":false,"rank_math_lock_modified_date":false,"footnotes":""},"categories":[17],"tags":[9488,9487],"class_list":{"0":"post-80319","1":"post","2":"type-post","3":"status-publish","4":"format-standard","5":"has-post-thumbnail","7":"category-actualidad","8":"tag-ciclista-pro","9":"tag-marcel-camprubi"},"acf":[],"_links":{"self":[{"href":"https:\/\/miurltemporal.com/main/triatletasenred.sport.es\/wp-json\/wp\/v2\/posts\/80319"}],"collection":[{"href":"https:\/\/miurltemporal.com/main/triatletasenred.sport.es\/wp-json\/wp\/v2\/posts"}],"about":[{"href":"https:\/\/miurltemporal.com/main/triatletasenred.sport.es\/wp-json\/wp\/v2\/types\/post"}],"author":[{"embeddable":true,"href":"https:\/\/miurltemporal.com/main/triatletasenred.sport.es\/wp-json\/wp\/v2\/users\/309"}],"replies":[{"embeddable":true,"href":"https:\/\/miurltemporal.com/main/triatletasenred.sport.es\/wp-json\/wp\/v2\/comments?post=80319"}],"version-history":[{"count":2,"href":"https:\/\/miurltemporal.com/main/triatletasenred.sport.es\/wp-json\/wp\/v2\/posts\/80319\/revisions"}],"predecessor-version":[{"id":80323,"href":"https:\/\/miurltemporal.com/main/triatletasenred.sport.es\/wp-json\/wp\/v2\/posts\/80319\/revisions\/80323"}],"wp:featuredmedia":[{"embeddable":true,"href":"https:\/\/miurltemporal.com/main/triatletasenred.sport.es\/wp-json\/wp\/v2\/media\/80322"}],"wp:attachment":[{"href":"https:\/\/miurltemporal.com/main/triatletasenred.sport.es\/wp-json\/wp\/v2\/media?parent=80319"}],"wp:term":[{"taxonomy":"category","embeddable":true,"href":"https:\/\/miurltemporal.com/main/triatletasenred.sport.es\/wp-json\/wp\/v2\/categories?post=80319"},{"taxonomy":"post_tag","embeddable":true,"href":"https:\/\/miurltemporal.com/main/triatletasenred.sport.es\/wp-json\/wp\/v2\/tags?post=80319"}],"curies":[{"name":"wp","href":"https:\/\/api.w.org\/{rel}","templated":true}]}}