{"id":80295,"date":"2022-11-02T14:02:33","date_gmt":"2022-11-02T13:02:33","guid":{"rendered":"https:\/\/miurltemporal.com/main/triatletasenred.sport.es\/?p=80295"},"modified":"2022-11-02T14:05:19","modified_gmt":"2022-11-02T13:05:19","slug":"dos-triatletas-ingresados-en-el-hospital-tras-ser-atropellados-en-el-mundial-de-im-70-3","status":"publish","type":"post","link":"https:\/\/miurltemporal.com/main/triatletasenred.sport.es\/actualidad\/dos-triatletas-ingresados-en-el-hospital-tras-ser-atropellados-en-el-mundial-de-im-70-3\/","title":{"rendered":"Dos triatletas ingresados en el hospital tras ser atropellados en el mundial de IM 70.3"},"content":{"rendered":"<h3>El Campeonato del Mundo de IM 70.3 no acab\u00f3 nada bien para dos de los participantes que fueron atropellados mientras completaban el segmento ciclista.<\/h3>\n<p><a href=\"https:\/\/www.canyon.com\/es-es\/bicicletas-de-carretera\/bicicletas-triatlon\/speedmax\/cf\/?utm_medium=special-interest-online&amp;utm_source=triatletasenred&amp;utm_campaign=c0402-bike_push_speedmax_cf\" rel=\"nofollow noopener\" target=\"_blank\"><img fetchpriority=\"high\" decoding=\"async\" class=\"alignnone size-full wp-image-78469\" src=\"https:\/\/miurltemporal.com/main/triatletasenred.sport.es\/wp-content\/uploads\/Banner_canyon_ES_700x150px.gif\" alt=\"\" width=\"700\" height=\"150\" \/><\/a><\/p>\n<p>El pasado s\u00e1bado, mientras se disputaba el <strong>Campeonato del Mundo de IM 70.3<\/strong> masculino, <strong>dos Grupos de Edad<\/strong> que se encontraban completando el segmento ciclista, fueron <strong>atropellados<\/strong> y tuvieron que ser hospitalizados.<\/p>\n<h3>La conductora se encontraba bajo el efecto de las drogas<\/h3>\n<p>Una mujer de 68 a\u00f1os y residente el estado de Utah, se meti\u00f3 con su SUV dentro del circuito de bici a pesar de las se\u00f1alizaciones. Al parecer, la mujer conduc\u00eda bajo los efectos de la marihuana e ignor\u00f3 a los voluntarios que se encargaban de cortar el tr\u00e1fico.<\/p>\n<p>Tras arrollar con su gran coche a dos de los participantes, la mujer fue detenida por la polic\u00eda y llevada a los calabozos, pero <strong>tras pagar una fianza de $10,000, ya se encuentra en libertad<\/strong>, a la espera de un juicio.<\/p>\n<p>La mujer ha admitido que conduc\u00eda bajo los efectos de las drogas y que se meti\u00f3 dentro del circuito sin darse cuenta, lo que provoc\u00f3 que ambos triatletas chocaran contra ella a grandes velocidades.<\/p>\n<figure id=\"attachment_80298\" aria-describedby=\"caption-attachment-80298\" style=\"width: 768px\" class=\"wp-caption alignnone\"><img decoding=\"async\" class=\"size-full wp-image-80298\" src=\"https:\/\/miurltemporal.com/main/triatletasenred.sport.es\/wp-content\/uploads\/Schermafbeelding-2022-11-02-om-12.17.29.png\" alt=\"\" width=\"768\" height=\"453\" srcset=\"https:\/\/miurltemporal.com/main/triatletasenred.sport.es\/wp-content\/uploads\/Schermafbeelding-2022-11-02-om-12.17.29.png 768w, https:\/\/miurltemporal.com/main/triatletasenred.sport.es\/wp-content\/uploads\/Schermafbeelding-2022-11-02-om-12.17.29-700x413.png 700w, https:\/\/miurltemporal.com/main/triatletasenred.sport.es\/wp-content\/uploads\/Schermafbeelding-2022-11-02-om-12.17.29-300x177.png 300w, https:\/\/miurltemporal.com/main/triatletasenred.sport.es\/wp-content\/uploads\/Schermafbeelding-2022-11-02-om-12.17.29-696x411.png 696w, https:\/\/miurltemporal.com/main/triatletasenred.sport.es\/wp-content\/uploads\/Schermafbeelding-2022-11-02-om-12.17.29-712x420.png 712w\" sizes=\"(max-width: 768px) 100vw, 768px\" \/><figcaption id=\"caption-attachment-80298\" class=\"wp-caption-text\">Foto: Instagram Mark Aaron Evans<\/figcaption><\/figure>\n<p>Uno de los dos triatletas atropellas fue el estadounidense Mark Aaron Evans, que seg\u00fan su mujer ha escrito en <a href=\"https:\/\/www.instagram.com\/p\/CkT_7vqvhmO\/?hl=es\" rel=\"nofollow noopener\" target=\"_blank\"><strong>su perfil de Instagram<\/strong><\/a>, Aaron tiene: la nariz rota, dos v\u00e9rtebras fracturadas, dos fracturas tor\u00e1cicas, una fractura en el codo, cuatro costillas rotas y varios desgarros de la piel en la cara y en el brazo que van a necesitar cirug\u00eda. De momento se encuentra en la Unidad de Cuidados Intensivos.<\/p>\n<p>Esta no es la primera vez que ocurre algo parecido, en el Campeonato del Mundo de IRONMAN, el triatleta profesional Matt Russell fue atropellado por una furgoneta durante el segmento ciclista.<\/p>\n<div class=\"youtube-embed\" data-video_id=\"M3yZE35HQFE\"><iframe title=\"Triatl\u00f3n en Vena \ud83d\udc89 especial ST GEORGE, con Gonzalo Fuentes\" width=\"696\" height=\"392\" src=\"https:\/\/www.youtube.com\/embed\/M3yZE35HQFE?feature=oembed&#038;enablejsapi=1\" frameborder=\"0\" allow=\"accelerometer; autoplay; clipboard-write; encrypted-media; gyroscope; picture-in-picture; web-share\" referrerpolicy=\"strict-origin-when-cross-origin\" allowfullscreen><\/iframe><\/div>\n","protected":false},"excerpt":{"rendered":"<p>El Campeonato del Mundo de IM 70.3 no acab\u00f3 nada bien para dos de los participantes que fueron atropellados mientras completaban el segmento ciclista.<\/p>\n","protected":false},"author":324,"featured_media":80296,"comment_status":"closed","ping_status":"closed","sticky":false,"template":"","format":"standard","meta":{"_acf_changed":false,"rank_math_lock_modified_date":false,"footnotes":""},"categories":[17],"tags":[5324,404,8856],"class_list":{"0":"post-80295","1":"post","2":"type-post","3":"status-publish","4":"format-standard","5":"has-post-thumbnail","7":"category-actualidad","8":"tag-im-70-3","9":"tag-ironman","10":"tag-st-george"},"acf":[],"_links":{"self":[{"href":"https:\/\/miurltemporal.com/main/triatletasenred.sport.es\/wp-json\/wp\/v2\/posts\/80295"}],"collection":[{"href":"https:\/\/miurltemporal.com/main/triatletasenred.sport.es\/wp-json\/wp\/v2\/posts"}],"about":[{"href":"https:\/\/miurltemporal.com/main/triatletasenred.sport.es\/wp-json\/wp\/v2\/types\/post"}],"author":[{"embeddable":true,"href":"https:\/\/miurltemporal.com/main/triatletasenred.sport.es\/wp-json\/wp\/v2\/users\/324"}],"replies":[{"embeddable":true,"href":"https:\/\/miurltemporal.com/main/triatletasenred.sport.es\/wp-json\/wp\/v2\/comments?post=80295"}],"version-history":[{"count":3,"href":"https:\/\/miurltemporal.com/main/triatletasenred.sport.es\/wp-json\/wp\/v2\/posts\/80295\/revisions"}],"predecessor-version":[{"id":80302,"href":"https:\/\/miurltemporal.com/main/triatletasenred.sport.es\/wp-json\/wp\/v2\/posts\/80295\/revisions\/80302"}],"wp:featuredmedia":[{"embeddable":true,"href":"https:\/\/miurltemporal.com/main/triatletasenred.sport.es\/wp-json\/wp\/v2\/media\/80296"}],"wp:attachment":[{"href":"https:\/\/miurltemporal.com/main/triatletasenred.sport.es\/wp-json\/wp\/v2\/media?parent=80295"}],"wp:term":[{"taxonomy":"category","embeddable":true,"href":"https:\/\/miurltemporal.com/main/triatletasenred.sport.es\/wp-json\/wp\/v2\/categories?post=80295"},{"taxonomy":"post_tag","embeddable":true,"href":"https:\/\/miurltemporal.com/main/triatletasenred.sport.es\/wp-json\/wp\/v2\/tags?post=80295"}],"curies":[{"name":"wp","href":"https:\/\/api.w.org\/{rel}","templated":true}]}}