{"id":80192,"date":"2022-10-24T09:27:11","date_gmt":"2022-10-24T07:27:11","guid":{"rendered":"https:\/\/miurltemporal.com/main/triatletasenred.sport.es\/?p=80192"},"modified":"2022-10-24T09:27:11","modified_gmt":"2022-10-24T07:27:11","slug":"victoria-para-godoy-y-3er-puesto-para-sanchez-en-tanger","status":"publish","type":"post","link":"https:\/\/miurltemporal.com/main/triatletasenred.sport.es\/actualidad\/victoria-para-godoy-y-3er-puesto-para-sanchez-en-tanger\/","title":{"rendered":"Victoria para Godoy y 3er puesto para S\u00e1nchez en T\u00e1nger"},"content":{"rendered":"<h3>La #TriArmada se vuelve casa con dos medallas internacionales tras el podio de Godoy y S\u00e1nchez en la Copa de \u00c1frica de T\u00e1nger.<\/h3>\n<p><a href=\"https:\/\/zone3.es\/\" rel=\"nofollow noopener\" target=\"_blank\"><img fetchpriority=\"high\" decoding=\"async\" class=\"alignnone size-full wp-image-66903\" src=\"https:\/\/miurltemporal.com/main/triatletasenred.sport.es\/wp-content\/uploads\/Banner-Zone3-746x149px.gif\" alt=\"\" width=\"746\" height=\"149\" \/><\/a><\/p>\n<p>Una gran hornada de triatletas espa\u00f1oles se dirigieron el pasado fin de semana a Marruecos, para correr en la <strong>Copa de \u00c1frica de T\u00e1nger<\/strong>, bajo distancia sprint.<\/p>\n<h3>Oro para Anna Godoy<\/h3>\n<p>En la carrera femenina, <strong>Anna Godoy<\/strong> consigui\u00f3 cruzar en <strong>primera posici\u00f3n<\/strong> la l\u00ednea de meta, tras una muy buena nataci\u00f3n que le permiti\u00f3 estar en la escapada de bici que marc\u00f3 el podio.<\/p>\n<p>A tan solo unos segundos de Godoy, entraba la portuguesa Melanie Santos en segunda posici\u00f3n y la francesa Kristelle Congi era tercera.<\/p>\n<p>Las tres siguientes triatletas en acabar la carrera fueron las espa\u00f1olas <strong>Sara Guerrero, Paula Herrero y Natalia Castro<\/strong>. Dentro del <strong>Top10<\/strong> tambi\u00e9n acab\u00f3 la prueba <strong>Iratxe Arenal<\/strong> (9\u00aa).<\/p>\n<h3>Bronce para Angel S\u00e1nchez<\/h3>\n<p>Respecto a la carrera masculina, el mejor espa\u00f1ol fue <strong>Angel S\u00e1nche<\/strong>z, quien acab\u00f3 <strong>3\u00ba<\/strong>, a tan solo unos segundos de la victoria, que se la acab\u00f3 llevando el azerbaiyano Pevtsov. La segunda plaza fue para el alem\u00e1n Jannick Schaufler.<\/p>\n<p><strong>Esteban Basanta<\/strong> fue el otro espa\u00f1ol que consigui\u00f3 colarse dentro del Top10 gracias a un buen \u00faltimo 5k que le permiti\u00f3 acabar <strong>7\u00ba<\/strong>.<\/p>\n<p>&nbsp;<\/p>\n<p>https:\/\/www.youtube.com\/watch?v=96H6QkLZvTA&#038;t=8s<\/p>\n<p>&nbsp;<\/p>\n","protected":false},"excerpt":{"rendered":"<p>La #TriArmada se vuelve casa con dos medallas internacionales tras el podio de Godoy y S\u00e1nchez en la Copa de \u00c1frica de T\u00e1nger<\/p>\n","protected":false},"author":324,"featured_media":80193,"comment_status":"closed","ping_status":"closed","sticky":false,"template":"","format":"standard","meta":{"_acf_changed":false,"rank_math_lock_modified_date":false,"footnotes":""},"categories":[17],"tags":[4982,299,9479],"class_list":{"0":"post-80192","1":"post","2":"type-post","3":"status-publish","4":"format-standard","5":"has-post-thumbnail","7":"category-actualidad","8":"tag-angel-sanchez","9":"tag-anna-godoy","10":"tag-copa-de-africa-tanger"},"acf":[],"_links":{"self":[{"href":"https:\/\/miurltemporal.com/main/triatletasenred.sport.es\/wp-json\/wp\/v2\/posts\/80192"}],"collection":[{"href":"https:\/\/miurltemporal.com/main/triatletasenred.sport.es\/wp-json\/wp\/v2\/posts"}],"about":[{"href":"https:\/\/miurltemporal.com/main/triatletasenred.sport.es\/wp-json\/wp\/v2\/types\/post"}],"author":[{"embeddable":true,"href":"https:\/\/miurltemporal.com/main/triatletasenred.sport.es\/wp-json\/wp\/v2\/users\/324"}],"replies":[{"embeddable":true,"href":"https:\/\/miurltemporal.com/main/triatletasenred.sport.es\/wp-json\/wp\/v2\/comments?post=80192"}],"version-history":[{"count":2,"href":"https:\/\/miurltemporal.com/main/triatletasenred.sport.es\/wp-json\/wp\/v2\/posts\/80192\/revisions"}],"predecessor-version":[{"id":80195,"href":"https:\/\/miurltemporal.com/main/triatletasenred.sport.es\/wp-json\/wp\/v2\/posts\/80192\/revisions\/80195"}],"wp:featuredmedia":[{"embeddable":true,"href":"https:\/\/miurltemporal.com/main/triatletasenred.sport.es\/wp-json\/wp\/v2\/media\/80193"}],"wp:attachment":[{"href":"https:\/\/miurltemporal.com/main/triatletasenred.sport.es\/wp-json\/wp\/v2\/media?parent=80192"}],"wp:term":[{"taxonomy":"category","embeddable":true,"href":"https:\/\/miurltemporal.com/main/triatletasenred.sport.es\/wp-json\/wp\/v2\/categories?post=80192"},{"taxonomy":"post_tag","embeddable":true,"href":"https:\/\/miurltemporal.com/main/triatletasenred.sport.es\/wp-json\/wp\/v2\/tags?post=80192"}],"curies":[{"name":"wp","href":"https:\/\/api.w.org\/{rel}","templated":true}]}}