{"id":80167,"date":"2022-10-20T22:54:03","date_gmt":"2022-10-20T20:54:03","guid":{"rendered":"https:\/\/miurltemporal.com/main/triatletasenred.sport.es\/?p=80167"},"modified":"2022-10-20T22:54:03","modified_gmt":"2022-10-20T20:54:03","slug":"listado-masculino-definitivo-del-campeonato-del-mundo-de-im-70-3-2022","status":"publish","type":"post","link":"https:\/\/miurltemporal.com/main/triatletasenred.sport.es\/actualidad\/listado-masculino-definitivo-del-campeonato-del-mundo-de-im-70-3-2022\/","title":{"rendered":"Listado masculino definitivo del Campeonato del Mundo de IM 70.3 2022"},"content":{"rendered":"<h3>Con las bajas de Javier G\u00f3mez Noya y Pablo Dapena, Jordi Montraveta ser\u00e1 nuestro \u00fanico representante en el Campeonato del Mundo de IM 70.3<\/h3>\n<p><a href=\"https:\/\/www.canyon.com\/es-es\/bicicletas-de-carretera\/bicicletas-triatlon\/speedmax\/cf\/?utm_medium=special-interest-online&amp;utm_source=triatletasenred&amp;utm_campaign=c0402-bike_push_speedmax_cf\" rel=\"nofollow noopener\" target=\"_blank\"><img fetchpriority=\"high\" decoding=\"async\" class=\"alignnone size-full wp-image-78469\" src=\"https:\/\/miurltemporal.com/main/triatletasenred.sport.es\/wp-content\/uploads\/Banner_canyon_ES_700x150px.gif\" alt=\"\" width=\"700\" height=\"150\" \/><\/a><\/p>\n<p>Por segunda vez consecutiva, el <strong>Campeonato del Mundo de IM 70.3<\/strong> se disputar\u00e1 en St. George \u2014Utah, EEUU. El pr\u00f3ximo 28 y 29 de octubre, sabremos si <em>Gustav Iden<\/em> consigue revalidar, por tercera vez consecutiva, su t\u00edtulo de campe\u00f3n del mundo, o tenemos un nuevo rey de la media distancia.<\/p>\n<p>Despu\u00e9s de la \u00faltima edici\u00f3n, donde no tuvimos ninguna representaci\u00f3n, ni en categor\u00eda masculina ni en categor\u00eda femenina, este a\u00f1o, a pesar de contar con 3 clasificados \u2014Noya, Dapena y Montraveta\u2014 \u00fanicamente <strong>Jordi Montraveta<\/strong> viajar\u00e1 hasta Estados Unidos, para participar en el que ser\u00e1 su primer mundial de IM 70.3 como profesional.<\/p>\n<p>Javier G\u00f3mez <strong>Noya<\/strong> por culpa de la lesi\u00f3n, y Pablo <strong>Dapena<\/strong> no ha dado su motivo p\u00fablicamente, por el cual no viajar\u00e1 a St. George, pero tras un a\u00f1o dif\u00edcil, dar\u00e1 por finalizada su temporada este domingo en el <a href=\"https:\/\/miurltemporal.com/main/triatletasenred.sport.es\/actualidad\/previa-ibiza-half-triathlon\/\"><strong>Half Ibiza.<\/strong><\/a><\/p>\n<h3>Start list masculina definitiva del Campeonato del Mundo de IM 70.3<\/h3>\n<table>\n<tbody>\n<tr>\n<td width=\"140\">\n<p style=\"text-align: center;\">DORSAL<\/p>\n<\/td>\n<td style=\"text-align: center;\" width=\"277\">NOMBRE<\/td>\n<td width=\"149\">\n<p style=\"text-align: center;\">PAIS<\/p>\n<\/td>\n<\/tr>\n<tr>\n<td>\n<p style=\"text-align: center;\">1<\/p>\n<\/td>\n<td style=\"text-align: center;\">Gustav Iden<\/td>\n<td>\n<p style=\"text-align: center;\">NOR<\/p>\n<\/td>\n<\/tr>\n<tr>\n<td>\n<p style=\"text-align: center;\">2<\/p>\n<\/td>\n<td style=\"text-align: center;\">Sam Long<\/td>\n<td>\n<p style=\"text-align: center;\">USA<\/p>\n<\/td>\n<\/tr>\n<tr>\n<td>\n<p style=\"text-align: center;\">4<\/p>\n<\/td>\n<td style=\"text-align: center;\">Miki Taagholt<\/td>\n<td>\n<p style=\"text-align: center;\">DNK<\/p>\n<\/td>\n<\/tr>\n<tr>\n<td>\n<p style=\"text-align: center;\">5<\/p>\n<\/td>\n<td style=\"text-align: center;\">Jackson Laundry<\/td>\n<td>\n<p style=\"text-align: center;\">CAN<\/p>\n<\/td>\n<\/tr>\n<tr>\n<td>\n<p style=\"text-align: center;\">6<\/p>\n<\/td>\n<td style=\"text-align: center;\">Ben Kanute<\/td>\n<td>\n<p style=\"text-align: center;\">CAN<\/p>\n<\/td>\n<\/tr>\n<tr>\n<td>\n<p style=\"text-align: center;\">7<\/p>\n<\/td>\n<td style=\"text-align: center;\">Eric Lagerstrom<\/td>\n<td>\n<p style=\"text-align: center;\">USA<\/p>\n<\/td>\n<\/tr>\n<tr>\n<td>\n<p style=\"text-align: center;\">8<\/p>\n<\/td>\n<td style=\"text-align: center;\">Magnus Ditlev<\/td>\n<td>\n<p style=\"text-align: center;\">DNK<\/p>\n<\/td>\n<\/tr>\n<tr>\n<td>\n<p style=\"text-align: center;\">10<\/p>\n<\/td>\n<td style=\"text-align: center;\">Filipe Azevedo<\/td>\n<td>\n<p style=\"text-align: center;\">PRT<\/p>\n<\/td>\n<\/tr>\n<tr>\n<td>\n<p style=\"text-align: center;\">11<\/p>\n<\/td>\n<td style=\"text-align: center;\">Kristian Blummenfelt<\/td>\n<td>\n<p style=\"text-align: center;\">NOR<\/p>\n<\/td>\n<\/tr>\n<tr>\n<td>\n<p style=\"text-align: center;\">15<\/p>\n<\/td>\n<td style=\"text-align: center;\">Rudy Von Berg<\/td>\n<td>\n<p style=\"text-align: center;\">USA<\/p>\n<\/td>\n<\/tr>\n<tr>\n<td>\n<p style=\"text-align: center;\">16<\/p>\n<\/td>\n<td style=\"text-align: center;\">Matt Hanson<\/td>\n<td>\n<p style=\"text-align: center;\">USA<\/p>\n<\/td>\n<\/tr>\n<tr>\n<td>\n<p style=\"text-align: center;\">18<\/p>\n<\/td>\n<td style=\"text-align: center;\">Denis Chevrot<\/td>\n<td>\n<p style=\"text-align: center;\">FRA<\/p>\n<\/td>\n<\/tr>\n<tr>\n<td>\n<p style=\"text-align: center;\">19<\/p>\n<\/td>\n<td style=\"text-align: center;\">Frederik Funk<\/td>\n<td>\n<p style=\"text-align: center;\">DEU<\/p>\n<\/td>\n<\/tr>\n<tr>\n<td>\n<p style=\"text-align: center;\">21<\/p>\n<\/td>\n<td style=\"text-align: center;\">Jason West<\/td>\n<td>\n<p style=\"text-align: center;\">USA<\/p>\n<\/td>\n<\/tr>\n<tr>\n<td>\n<p style=\"text-align: center;\">23<\/p>\n<\/td>\n<td style=\"text-align: center;\">Kyle Smith<\/td>\n<td>\n<p style=\"text-align: center;\">NZL<\/p>\n<\/td>\n<\/tr>\n<tr>\n<td>\n<p style=\"text-align: center;\">24<\/p>\n<\/td>\n<td style=\"text-align: center;\">Clement Mignon<\/td>\n<td>\n<p style=\"text-align: center;\">FRA<\/p>\n<\/td>\n<\/tr>\n<tr>\n<td>\n<p style=\"text-align: center;\">28<\/p>\n<\/td>\n<td style=\"text-align: center;\">Aaron Royle<\/td>\n<td>\n<p style=\"text-align: center;\">AUS<\/p>\n<\/td>\n<\/tr>\n<tr>\n<td>\n<p style=\"text-align: center;\">29<\/p>\n<\/td>\n<td style=\"text-align: center;\">Thor Bendix Madsen<\/td>\n<td>\n<p style=\"text-align: center;\">DNK<\/p>\n<\/td>\n<\/tr>\n<tr>\n<td>\n<p style=\"text-align: center;\">31<\/p>\n<\/td>\n<td style=\"text-align: center;\">Mika Noodt<\/td>\n<td>\n<p style=\"text-align: center;\">DEU<\/p>\n<\/td>\n<\/tr>\n<tr>\n<td>\n<p style=\"text-align: center;\">33<\/p>\n<\/td>\n<td style=\"text-align: center;\">Youri Keulen<\/td>\n<td>\n<p style=\"text-align: center;\">NLD<\/p>\n<\/td>\n<\/tr>\n<tr>\n<td>\n<p style=\"text-align: center;\">34<\/p>\n<\/td>\n<td style=\"text-align: center;\">Mathias Petersen<\/td>\n<td>\n<p style=\"text-align: center;\">DNK<\/p>\n<\/td>\n<\/tr>\n<tr>\n<td>\n<p style=\"text-align: center;\">35<\/p>\n<\/td>\n<td style=\"text-align: center;\">Jan Stratmann<\/td>\n<td>\n<p style=\"text-align: center;\">DEU<\/p>\n<\/td>\n<\/tr>\n<tr>\n<td>\n<p style=\"text-align: center;\">36<\/p>\n<\/td>\n<td style=\"text-align: center;\">Trevor Foley<\/td>\n<td>\n<p style=\"text-align: center;\">USA<\/p>\n<\/td>\n<\/tr>\n<tr>\n<td>\n<p style=\"text-align: center;\">37<\/p>\n<\/td>\n<td style=\"text-align: center;\">Nicolas Mann<\/td>\n<td>\n<p style=\"text-align: center;\">DEU<\/p>\n<\/td>\n<\/tr>\n<tr>\n<td>\n<p style=\"text-align: center;\">38<\/p>\n<\/td>\n<td style=\"text-align: center;\">Dylan Magnien<\/td>\n<td>\n<p style=\"text-align: center;\">FRA<\/p>\n<\/td>\n<\/tr>\n<tr>\n<td>\n<p style=\"text-align: center;\">39<\/p>\n<\/td>\n<td style=\"text-align: center;\">Ruben Zepuntke<\/td>\n<td>\n<p style=\"text-align: center;\">DEU<\/p>\n<\/td>\n<\/tr>\n<tr>\n<td>\n<p style=\"text-align: center;\">40<\/p>\n<\/td>\n<td style=\"text-align: center;\">Antony Costes<\/td>\n<td>\n<p style=\"text-align: center;\">FRA<\/p>\n<\/td>\n<\/tr>\n<tr>\n<td>\n<p style=\"text-align: center;\">41<\/p>\n<\/td>\n<td style=\"text-align: center;\">Brent McMahon<\/td>\n<td>\n<p style=\"text-align: center;\">CAN<\/p>\n<\/td>\n<\/tr>\n<tr>\n<td>\n<p style=\"text-align: center;\">42<\/p>\n<\/td>\n<td style=\"text-align: center;\">Mattia Ceccarelli<\/td>\n<td>\n<p style=\"text-align: center;\">ITA<\/p>\n<\/td>\n<\/tr>\n<tr>\n<td>\n<p style=\"text-align: center;\">43<\/p>\n<\/td>\n<td style=\"text-align: center;\">Fernando Toldi<\/td>\n<td>\n<p style=\"text-align: center;\">BRA<\/p>\n<\/td>\n<\/tr>\n<tr>\n<td>\n<p style=\"text-align: center;\">44<\/p>\n<\/td>\n<td style=\"text-align: center;\">Simon Viain<\/td>\n<td>\n<p style=\"text-align: center;\">FRA<\/p>\n<\/td>\n<\/tr>\n<tr>\n<td>\n<p style=\"text-align: center;\">45<\/p>\n<\/td>\n<td style=\"text-align: center;\">Nicholas Free<\/td>\n<td>\n<p style=\"text-align: center;\">AUS<\/p>\n<\/td>\n<\/tr>\n<tr>\n<td>\n<p style=\"text-align: center;\">46<\/p>\n<\/td>\n<td style=\"text-align: center;\">Ognjen Stojanovic<\/td>\n<td>\n<p style=\"text-align: center;\">SRB<\/p>\n<\/td>\n<\/tr>\n<tr>\n<td>\n<p style=\"text-align: center;\">47<\/p>\n<\/td>\n<td style=\"text-align: center;\">Jordi Montraveta Moya<\/td>\n<td>\n<p style=\"text-align: center;\">ESP<\/p>\n<\/td>\n<\/tr>\n<tr>\n<td>\n<p style=\"text-align: center;\">48<\/p>\n<\/td>\n<td style=\"text-align: center;\">Martin Ulloa<\/td>\n<td>\n<p style=\"text-align: center;\">CHL<\/p>\n<\/td>\n<\/tr>\n<tr>\n<td>\n<p style=\"text-align: center;\">49<\/p>\n<\/td>\n<td style=\"text-align: center;\">James Teagle<\/td>\n<td>\n<p style=\"text-align: center;\">GBR<\/p>\n<\/td>\n<\/tr>\n<tr>\n<td>\n<p style=\"text-align: center;\">51<\/p>\n<\/td>\n<td style=\"text-align: center;\">Nicholas Chase<\/td>\n<td>\n<p style=\"text-align: center;\">USA<\/p>\n<\/td>\n<\/tr>\n<tr>\n<td>\n<p style=\"text-align: center;\">52<\/p>\n<\/td>\n<td style=\"text-align: center;\">Yvan Jarrige<\/td>\n<td>\n<p style=\"text-align: center;\">FRA<\/p>\n<\/td>\n<\/tr>\n<tr>\n<td>\n<p style=\"text-align: center;\">53<\/p>\n<\/td>\n<td style=\"text-align: center;\">Sybren Baelde<\/td>\n<td>\n<p style=\"text-align: center;\">BEL<\/p>\n<\/td>\n<\/tr>\n<tr>\n<td>\n<p style=\"text-align: center;\">54<\/p>\n<\/td>\n<td style=\"text-align: center;\">Scott Steenberg<\/td>\n<td style=\"text-align: center;\">DNK<\/td>\n<\/tr>\n<tr>\n<td>\n<p style=\"text-align: center;\">55<\/p>\n<\/td>\n<td style=\"text-align: center;\">Arthur Horseau<\/td>\n<td>\n<p style=\"text-align: center;\">FRA<\/p>\n<\/td>\n<\/tr>\n<tr>\n<td style=\"text-align: center;\">56<\/td>\n<td style=\"text-align: center;\">Fabian Reuter<\/td>\n<td>\n<p style=\"text-align: center;\">DEU<\/p>\n<\/td>\n<\/tr>\n<tr>\n<td>\n<p style=\"text-align: center;\">57<\/p>\n<\/td>\n<td style=\"text-align: center;\">Marc Dubrick<\/td>\n<td style=\"text-align: center;\">USA<\/td>\n<\/tr>\n<tr>\n<td>\n<p style=\"text-align: center;\">58<\/p>\n<\/td>\n<td style=\"text-align: center;\">Tomas Andres Rodriguez Hernandez<\/td>\n<td style=\"text-align: center;\">MEX<\/td>\n<\/tr>\n<tr>\n<td>\n<p style=\"text-align: center;\">59<\/p>\n<\/td>\n<td style=\"text-align: center;\">Jack Sosinski<\/td>\n<td style=\"text-align: center;\">AUS<\/td>\n<\/tr>\n<tr>\n<td style=\"text-align: center;\">60<\/td>\n<td style=\"text-align: center;\">Vicente Trewhela<\/td>\n<td>\n<p style=\"text-align: center;\">CHL<\/p>\n<\/td>\n<\/tr>\n<tr>\n<td style=\"text-align: center;\">61<\/td>\n<td style=\"text-align: center;\">Nicolas Saez<\/td>\n<td>\n<p style=\"text-align: center;\">CHL<\/p>\n<\/td>\n<\/tr>\n<tr>\n<td style=\"text-align: center;\">63<\/td>\n<td style=\"text-align: center;\">Casper Stornes<\/td>\n<td>\n<p style=\"text-align: center;\">NOR<\/p>\n<\/td>\n<\/tr>\n<tr>\n<td>\n<p style=\"text-align: center;\">64<\/p>\n<\/td>\n<td style=\"text-align: center;\">Christophe de Keyser<\/td>\n<td>\n<p style=\"text-align: center;\">BEL<\/p>\n<\/td>\n<\/tr>\n<\/tbody>\n<\/table>\n<p>&nbsp;<\/p>\n<div class=\"youtube-embed\" data-video_id=\"UB3E7Wrr4Ls\"><iframe title=\"Jordi Montraveta, GENERACI\u00d3N Z de nuestro triatl\u00f3n LD\" width=\"696\" height=\"392\" src=\"https:\/\/www.youtube.com\/embed\/UB3E7Wrr4Ls?feature=oembed&#038;enablejsapi=1\" frameborder=\"0\" allow=\"accelerometer; autoplay; clipboard-write; encrypted-media; gyroscope; picture-in-picture\" allowfullscreen><\/iframe><\/div>\n","protected":false},"excerpt":{"rendered":"<p>Con las bajas de Javier G\u00f3mez Noya y Pablo Dapena, Jordi Montraveta ser\u00e1 nuestro \u00fanico representante en el Campeonato del Mundo de IM 70.3.<\/p>\n","protected":false},"author":324,"featured_media":80170,"comment_status":"closed","ping_status":"closed","sticky":false,"template":"","format":"standard","meta":{"_acf_changed":false,"rank_math_lock_modified_date":false,"footnotes":""},"categories":[17],"tags":[9476,9475,404,8585],"class_list":{"0":"post-80167","1":"post","2":"type-post","3":"status-publish","4":"format-standard","5":"has-post-thumbnail","7":"category-actualidad","8":"tag-gutav-iden","9":"tag-im-70-3-world-championships","10":"tag-ironman","11":"tag-jordi-montraveta"},"acf":[],"_links":{"self":[{"href":"https:\/\/miurltemporal.com/main/triatletasenred.sport.es\/wp-json\/wp\/v2\/posts\/80167"}],"collection":[{"href":"https:\/\/miurltemporal.com/main/triatletasenred.sport.es\/wp-json\/wp\/v2\/posts"}],"about":[{"href":"https:\/\/miurltemporal.com/main/triatletasenred.sport.es\/wp-json\/wp\/v2\/types\/post"}],"author":[{"embeddable":true,"href":"https:\/\/miurltemporal.com/main/triatletasenred.sport.es\/wp-json\/wp\/v2\/users\/324"}],"replies":[{"embeddable":true,"href":"https:\/\/miurltemporal.com/main/triatletasenred.sport.es\/wp-json\/wp\/v2\/comments?post=80167"}],"version-history":[{"count":1,"href":"https:\/\/miurltemporal.com/main/triatletasenred.sport.es\/wp-json\/wp\/v2\/posts\/80167\/revisions"}],"predecessor-version":[{"id":80172,"href":"https:\/\/miurltemporal.com/main/triatletasenred.sport.es\/wp-json\/wp\/v2\/posts\/80167\/revisions\/80172"}],"wp:featuredmedia":[{"embeddable":true,"href":"https:\/\/miurltemporal.com/main/triatletasenred.sport.es\/wp-json\/wp\/v2\/media\/80170"}],"wp:attachment":[{"href":"https:\/\/miurltemporal.com/main/triatletasenred.sport.es\/wp-json\/wp\/v2\/media?parent=80167"}],"wp:term":[{"taxonomy":"category","embeddable":true,"href":"https:\/\/miurltemporal.com/main/triatletasenred.sport.es\/wp-json\/wp\/v2\/categories?post=80167"},{"taxonomy":"post_tag","embeddable":true,"href":"https:\/\/miurltemporal.com/main/triatletasenred.sport.es\/wp-json\/wp\/v2\/tags?post=80167"}],"curies":[{"name":"wp","href":"https:\/\/api.w.org\/{rel}","templated":true}]}}