{"id":80059,"date":"2022-10-14T07:00:09","date_gmt":"2022-10-14T05:00:09","guid":{"rendered":"https:\/\/miurltemporal.com/main/triatletasenred.sport.es\/?p=80059"},"modified":"2022-10-14T01:42:45","modified_gmt":"2022-10-13T23:42:45","slug":"godoy-aguayo-oliveras-y-gonzalez-a-por-la-aventura-coreana","status":"publish","type":"post","link":"https:\/\/miurltemporal.com/main/triatletasenred.sport.es\/actualidad\/godoy-aguayo-oliveras-y-gonzalez-a-por-la-aventura-coreana\/","title":{"rendered":"Godoy, Aguayo, Oliveras y Gonz\u00e1lez a por la aventura coreana"},"content":{"rendered":"<h3>La Copa del Mundo de Tongyeong ofrecer\u00e1 la oportunidad de sumar puntos en el ranking ITU en este final de temporada<\/h3>\n<p><\/a><\/p>\n<p>La WC de Tongyeong se correr\u00e1 bajo distancia ol\u00edmpica, con uno de los recorridos m\u00e1s r\u00e1pidos del calendario. Oportunidad de oro para los nuestros de sumar puntos ITU de cara a la lucha por la clasificaci\u00f3n ol\u00edmpica.<\/p>\n<p>Anna Godoy aterriza en la otra punta del planeta directa de las Series Mundiales de Cagliari. All\u00ed, la catalana tuvo un resultado modesto para su nivel, terminando en 25\u00aa plaza, pese a que firmase la mejor carrera a pie de su vida. Sof\u00eda Aguayo tendr\u00e1 la oportunidad de redimirse de su ca\u00edda en Karlovy Vary. Xisca Tous tambi\u00e9n correr\u00e1 la prueba, bajo bandera ITU.<\/p>\n<p>Las principales amenazas son los primeros dorsales, con la h\u00fangara Zsanett Bragmayer con el #1, seguida de alemana Annika Koch, Sandra Dodet, Lisa Perterer y Mathilde Gautier, como mujeres m\u00e1s peligrosas para las nuestras, con Godoy con muchas opciones para un top10.<\/p>\n<p>Lista de salida completa, <a href=\"https:\/\/www.triathlon.org\/events\/start_list\/2022_world_triathlon_cup_tongyeong\/547093\" rel=\"nofollow noopener\" target=\"_blank\">aqu\u00ed<\/a>.<\/p>\n<p>Alberto Gonz\u00e1lez llega en uno de los mejores momentos de forma de su vida, despu\u00e9s de llevarse el Campeonato de Espa\u00f1a hace dos semanas. Si se planta una buena escapada en la T2, el de M\u00e1laga tiene muchas opciones de poder luchar por el podio. \u00c1ngel S\u00e1nchez se queda sin poder tomar la salida despu\u00e9s de que un error de lectura de su pasaporte le dejase en tierra. Nan Oliveras sufri\u00f3 el mismo percance pero todo parece indicar que s\u00ed que va a estar en Korea. El catal\u00e1n llega en buena progresi\u00f3n de forma tras su 5\u00aa plaza en la Copa continental de Ceuta.<\/p>\n<p>Matt MacElroy ser\u00e1 la principal amenaza a pie si consigue llegar en cabeza antes del 10k de carrera. Con \u00e9l, podr\u00edan llegar Ben Dijkstra, Maxime Hueber, Jorik van Egdom, todos ellos potent\u00edsimos en a pie. G\u00e1bor Faldum y Ren Sato son otros dorsales altos de la startlist.<\/p>\n<p>Lista de salida completa, <a href=\"https:\/\/www.triathlon.org\/events\/start_list\/2022_world_triathlon_cup_tongyeong\/547092\" rel=\"nofollow noopener\" target=\"_blank\">aqu\u00ed<\/a>.<\/p>\n<p>https:\/\/www.youtube.com\/watch?v=QXo3ozJnhXA&#038;ab_channel=CanaldeTRIATL%C3%93NdeTRIATLETASENREDenYOUTUBE<\/p>\n","protected":false},"excerpt":{"rendered":"<p>La Copa del Mundo de Tongyeong ofrecer\u00e1 la oportunidad de sumar puntos en el ranking ITU en este final de temporada<\/p>\n","protected":false},"author":309,"featured_media":79871,"comment_status":"closed","ping_status":"closed","sticky":false,"template":"","format":"standard","meta":{"_acf_changed":false,"rank_math_lock_modified_date":false,"footnotes":""},"categories":[17],"tags":[4511,299,408,9464],"class_list":{"0":"post-80059","1":"post","2":"type-post","3":"status-publish","4":"format-standard","5":"has-post-thumbnail","7":"category-actualidad","8":"tag-alberto-gonzalez","9":"tag-anna-godoy","10":"tag-nan-oliveras","11":"tag-sofia-aguayo"},"acf":[],"_links":{"self":[{"href":"https:\/\/miurltemporal.com/main/triatletasenred.sport.es\/wp-json\/wp\/v2\/posts\/80059"}],"collection":[{"href":"https:\/\/miurltemporal.com/main/triatletasenred.sport.es\/wp-json\/wp\/v2\/posts"}],"about":[{"href":"https:\/\/miurltemporal.com/main/triatletasenred.sport.es\/wp-json\/wp\/v2\/types\/post"}],"author":[{"embeddable":true,"href":"https:\/\/miurltemporal.com/main/triatletasenred.sport.es\/wp-json\/wp\/v2\/users\/309"}],"replies":[{"embeddable":true,"href":"https:\/\/miurltemporal.com/main/triatletasenred.sport.es\/wp-json\/wp\/v2\/comments?post=80059"}],"version-history":[{"count":1,"href":"https:\/\/miurltemporal.com/main/triatletasenred.sport.es\/wp-json\/wp\/v2\/posts\/80059\/revisions"}],"predecessor-version":[{"id":80060,"href":"https:\/\/miurltemporal.com/main/triatletasenred.sport.es\/wp-json\/wp\/v2\/posts\/80059\/revisions\/80060"}],"wp:featuredmedia":[{"embeddable":true,"href":"https:\/\/miurltemporal.com/main/triatletasenred.sport.es\/wp-json\/wp\/v2\/media\/79871"}],"wp:attachment":[{"href":"https:\/\/miurltemporal.com/main/triatletasenred.sport.es\/wp-json\/wp\/v2\/media?parent=80059"}],"wp:term":[{"taxonomy":"category","embeddable":true,"href":"https:\/\/miurltemporal.com/main/triatletasenred.sport.es\/wp-json\/wp\/v2\/categories?post=80059"},{"taxonomy":"post_tag","embeddable":true,"href":"https:\/\/miurltemporal.com/main/triatletasenred.sport.es\/wp-json\/wp\/v2\/tags?post=80059"}],"curies":[{"name":"wp","href":"https:\/\/api.w.org\/{rel}","templated":true}]}}