{"id":79763,"date":"2022-09-24T22:04:24","date_gmt":"2022-09-24T20:04:24","guid":{"rendered":"https:\/\/miurltemporal.com/main/triatletasenred.sport.es\/?p=79763"},"modified":"2022-09-24T22:04:24","modified_gmt":"2022-09-24T20:04:24","slug":"resultadosmallorca1406triathlon","status":"publish","type":"post","link":"https:\/\/miurltemporal.com/main/triatletasenred.sport.es\/actualidad\/resultadosmallorca1406triathlon\/","title":{"rendered":"RESULTADOS Mallorca 140.6 Triathlon"},"content":{"rendered":"<h3 style=\"text-align: left;\"><strong><span class=\"s5\"><span class=\"bumpedFont15\">Esmeralda <\/span><\/span><span class=\"s5\"><span class=\"bumpedFont15\">Mar\u00ed<\/span><\/span><span class=\"s5\"><span class=\"bumpedFont15\"> y<\/span><\/span><span class=\"s5\"><span class=\"bumpedFont15\">\u00a0<\/span><\/span><span class=\"s5\"><span class=\"bumpedFont15\">Strandlind\u00a0<\/span><\/span>se hacen con la victoria en la Tercera Edici\u00f3n del Mallorca 140.6 Triathlon<\/strong><\/h3>\n<p><a href=\"https:\/\/www.mallorca140-6triathlon.com\/elevento\" rel=\"nofollow noopener\" target=\"_blank\"><img fetchpriority=\"high\" decoding=\"async\" class=\"alignnone size-full wp-image-77425\" src=\"https:\/\/miurltemporal.com/main/triatletasenred.sport.es\/wp-content\/uploads\/MALLORCA-140_700x150.jpg\" alt=\"\" width=\"700\" height=\"151\" srcset=\"https:\/\/miurltemporal.com/main/triatletasenred.sport.es\/wp-content\/uploads\/MALLORCA-140_700x150.jpg 700w, https:\/\/miurltemporal.com/main/triatletasenred.sport.es\/wp-content\/uploads\/MALLORCA-140_700x150-300x65.jpg 300w, https:\/\/miurltemporal.com/main/triatletasenred.sport.es\/wp-content\/uploads\/MALLORCA-140_700x150-696x151.jpg 696w\" sizes=\"(max-width: 700px) 100vw, 700px\" \/><\/a><\/p>\n<p class=\"s9\"><span class=\"s12\"><span class=\"bumpedFont20\">La segunda edici\u00f3n del Mallorca 140.6 <\/span><\/span><span class=\"s12\"><span class=\"bumpedFont20\">Triathlon<\/span><\/span><span class=\"s12\"><span class=\"bumpedFont20\"> se ha celebrado en <\/span><\/span><span class=\"s12\"><span class=\"bumpedFont20\">Playa de Muro <\/span><\/span><span class=\"s12\"><span class=\"bumpedFont20\">ha pesar de las dificultades meteorol\u00f3gicas de primera hora de la ma\u00f1ana. Debido al riesgo de tormenta el\u00e9ctrica y por el peligroso estado del mar en la bah\u00eda de <\/span><\/span><span class=\"s12\"><span class=\"bumpedFont20\">Alc\u00f9dia<\/span><\/span><span class=\"s12\"><span class=\"bumpedFont20\"> se tom\u00f3 la decisi\u00f3n de cancelar el segmento de la nataci\u00f3n <\/span><\/span><span class=\"s12\"><span class=\"bumpedFont20\">por motivos de seguridad <\/span><\/span><span class=\"s12\"><span class=\"bumpedFont20\">y la prueba arranc\u00f3 con los triatletas directamente en el sector ciclista.<\/span><\/span><\/p>\n<p class=\"s9\"><span class=\"s12\"><span class=\"bumpedFont20\">Precisamente en los 180 kil\u00f3metros de ciclismo es donde la \u2018<\/span><\/span><span class=\"s12\"><span class=\"bumpedFont20\">tri<\/span><\/span><span class=\"s12\"><span class=\"bumpedFont20\">-armada\u2019 espa\u00f1ola ha perdido todas sus opciones, con <\/span><\/span><span class=\"s12\"><span class=\"bumpedFont20\">las ca\u00eddas de los locales Joan Nadal (segundo en 2021) y Ram\u00f3n <\/span><\/span><span class=\"s12\"><span class=\"bumpedFont20\">Ejeda<\/span><\/span><span class=\"s12\"><span class=\"bumpedFont20\">, y las retiradas de Carlos L\u00f3pez y <\/span><\/span><span class=\"s12\"><span class=\"bumpedFont20\">Ander<\/span><\/span><span class=\"s12\"><span class=\"bumpedFont20\"> Irigoyen. En el segmento a pie<\/span><\/span><span class=\"s12\"><span class=\"bumpedFont20\">, el sueco Martin <\/span><\/span><span class=\"s12\"><span class=\"bumpedFont20\">Strandlind<\/span><\/span><span class=\"s12\"><span class=\"bumpedFont20\"> tom\u00f3 la iniciativa y lider\u00f3 la prueba<\/span><\/span><span class=\"s12\"><span class=\"bumpedFont20\"> hasta la meta, cruz\u00e1ndola en 7h37:16, con casi 25\u2019 de ventaja sobre el espa\u00f1ol Carlos Aznar, que logr\u00f3 una meritoria segunda plaza tras haber sufrido una ca\u00edda durante el ciclismo. El polaco <\/span><\/span><span class=\"s12\"><span class=\"bumpedFont20\">Kacper<\/span><\/span><span class=\"s12\"><span class=\"bumpedFont20\"> Adam termin\u00f3 en tercer lugar tras un sufrido marat\u00f3n por las calles de Muro.<\/span><\/span><\/p>\n<p class=\"s9\"><span class=\"s12\"><span class=\"bumpedFont20\">En f\u00e9minas, la ibicenca Esmeralda <\/span><\/span><span class=\"s12\"><span class=\"bumpedFont20\">Mar\u00ed<\/span><\/span><span class=\"s12\"><span class=\"bumpedFont20\"> debut\u00f3 en la distancia con victoria con un tiempo de 10h30:35, liderando sin oposici\u00f3n la carrera desde el pistoletazo de salida hasta la meta en el Ayuntamiento de Playa de Muro.<\/span><\/span><span class=\"s12\"><span class=\"bumpedFont20\"> La brit\u00e1nica<\/span><\/span><span class=\"s12\"><span class=\"bumpedFont20\"> Cat<\/span><\/span><span class=\"s12\"><span class=\"bumpedFont20\">herine Townsend fue la segunda clasificada (11h13:50), y Clara Llorens fue tercera (<\/span><\/span><span class=\"s13\"><span class=\"bumpedFont20\">11h23:30<\/span><\/span><span class=\"s13\"><span class=\"bumpedFont20\">).<\/span><\/span><\/p>\n<p class=\"s9\"><span class=\"s12\"><span class=\"bumpedFont20\">En la distancia <\/span><\/span><span class=\"s12\"><span class=\"bumpedFont20\">half<\/span><\/span><span class=\"s12\"><span class=\"bumpedFont20\"> (1.900 metros de nataci\u00f3n, 90 km de ciclismo y 21 de carrera a pie) la victoria fue para la alemana Alina <\/span><\/span><span class=\"s12\"><span class=\"bumpedFont20\">W\u00fcrth<\/span><\/span><span class=\"s12\"><span class=\"bumpedFont20\"> y para el belga Michael Van <\/span><\/span><span class=\"s12\"><span class=\"bumpedFont20\">Cleven<\/span><\/span><span class=\"s12\"><span class=\"bumpedFont20\">, que lograron imponerse a sus rivales con bastante diferencia. <\/span><\/span><span class=\"s12\"><span class=\"bumpedFont20\">W\u00fcrth<\/span><\/span><span class=\"s12\"><span class=\"bumpedFont20\"> logr\u00f3 recortar tiempo en la carrera a pie a la neerlandesa Claudia <\/span><\/span><span class=\"s12\"><span class=\"bumpedFont20\">Striekwold<\/span><\/span><span class=\"s12\"><span class=\"bumpedFont20\">, segunda <\/span><\/span><span class=\"s12\"><span class=\"bumpedFont20\">clasficada<\/span><\/span><span class=\"s12\"><span class=\"bumpedFont20\">, y favorita, para parar el crono en 4h19:28. Por su parte, Van <\/span><\/span><span class=\"s12\"><span class=\"bumpedFont20\">Cleven<\/span><\/span><span class=\"s12\"><span class=\"bumpedFont20\"> con un gran registro de 3h44:30 volvi\u00f3 a la competici\u00f3n tras varios a\u00f1os sin estar en una l\u00ednea de salida recuper\u00e1ndose de un accidente en bicicleta mientras participaba en el Triatl\u00f3n de <\/span><\/span><span class=\"s12\"><span class=\"bumpedFont20\">Portocolom<\/span><\/span><span class=\"s12\"><span class=\"bumpedFont20\">, prueba que ha ganado cuatro veces y a la que piensa volver en 2023.<\/span><\/span><\/p>\n<p class=\"s9\"><span class=\"s12\"><span class=\"bumpedFont20\">La organizaci\u00f3n ha dispuesto premios en met\u00e1lico para los primeros clasificados <\/span><\/span><span class=\"s12\"><span class=\"bumpedFont20\">profesionales <\/span><\/span><span class=\"s12\"><span class=\"bumpedFont20\">masculinos y femeninos que suman un total de 10.000\u20ac.<\/span><\/span><\/p>\n<p class=\"s9\"><span class=\"s12\"><span class=\"bumpedFont20\">El Mallorca 140.6 <\/span><\/span><span class=\"s12\"><span class=\"bumpedFont20\">Triathlon<\/span><\/span><span class=\"s12\"><span class=\"bumpedFont20\"> est\u00e1 organizado por <\/span><\/span><span class=\"s12\"><span class=\"bumpedFont20\">Kumulus<\/span><\/span><span class=\"s12\"><span class=\"bumpedFont20\">, con el apoyo del Ayuntamiento de Playa de Muro, y con el soporte de la Agencia de Estrategia Tur\u00edstica de las Islas Baleares y del Plan de Recuperaci\u00f3n, Transformaci\u00f3n y Resiliencia del Gobierno de Espa\u00f1a.<\/span><\/span><\/p>\n<p>&nbsp;<\/p>\n<p class=\"s14\"><span class=\"s13\"><span class=\"bumpedFont20\">Clasificaci\u00f3n Mallorca 140.6 <\/span><\/span><span class=\"s13\"><span class=\"bumpedFont20\">Triathlon<\/span><\/span><span class=\"s13\"><span class=\"bumpedFont20\"> (Larga Distancia)<\/span><\/span><\/p>\n<p class=\"s14\"><span class=\"s13\"><span class=\"bumpedFont20\">Hombres<\/span><\/span><\/p>\n<div class=\"s16\"><span class=\"s15\">1. <\/span><span class=\"s13\"><span class=\"bumpedFont20\">Martin <\/span><\/span><span class=\"s13\"><span class=\"bumpedFont20\">Strandlind<\/span><\/span><span class=\"s13\"><span class=\"bumpedFont20\"> 7h37:16<\/span><\/span><\/div>\n<div class=\"s16\"><span class=\"s15\">2. <\/span><span class=\"s13\"><span class=\"bumpedFont20\">Carlos Aznar 8h02:22<\/span><\/span><\/div>\n<div class=\"s16\"><span class=\"s15\">3. <\/span><span class=\"s13\"><span class=\"bumpedFont20\">Kacper<\/span><\/span><span class=\"s13\"><span class=\"bumpedFont20\"> Adam 8h23:07<\/span><\/span><\/div>\n<p class=\"s14\"><span class=\"s13\"><span class=\"bumpedFont20\">Mujeres<\/span><\/span><\/p>\n<div class=\"s17\"><span class=\"s15\">1. <\/span><span class=\"s13\"><span class=\"bumpedFont20\">Esmeralda <\/span><\/span><span class=\"s13\"><span class=\"bumpedFont20\">Mar\u00ed<\/span><\/span><span class=\"s13\"><span class=\"bumpedFont20\"> 10h30:35<\/span><\/span><\/div>\n<div class=\"s17\"><span class=\"s15\">2. <\/span><span class=\"s13\"><span class=\"bumpedFont20\">Catherine Townsend 11h13:50<\/span><\/span><\/div>\n<div class=\"s17\"><span class=\"s15\">3. <\/span><span class=\"s13\"><span class=\"bumpedFont20\">Clara Llorens 11h23:30<\/span><\/span><\/div>\n<p class=\"s14\"><a name=\"_GoBack\"><\/a><\/p>\n<p class=\"s14\"><span class=\"s13\"><span class=\"bumpedFont20\">Clasificaci\u00f3n Mallorca 140.6 <\/span><\/span><span class=\"s13\"><span class=\"bumpedFont20\">Triathlon<\/span><\/span> <span class=\"s13\"><span class=\"bumpedFont20\">Half<\/span><\/span><\/p>\n<p class=\"s14\"><span class=\"s13\"><span class=\"bumpedFont20\">Hombres<\/span><\/span><\/p>\n<div class=\"s17\"><span class=\"s15\">1. <\/span><span class=\"s13\"><span class=\"bumpedFont20\">Michael Van <\/span><\/span><span class=\"s13\"><span class=\"bumpedFont20\">Cleven<\/span><\/span><span class=\"s13\"><span class=\"bumpedFont20\"> 3h44:30<\/span><\/span><\/div>\n<div class=\"s17\"><span class=\"s15\">2. <\/span><span class=\"s13\"><span class=\"bumpedFont20\">Jaume <\/span><\/span><span class=\"s13\"><span class=\"bumpedFont20\">Florit<\/span><\/span><span class=\"s13\"><span class=\"bumpedFont20\"> 3h48:21<\/span><\/span><\/div>\n<div class=\"s17\"><span class=\"s15\">3. <\/span><span class=\"s13\"><span class=\"bumpedFont20\">Toni Comes 3h52:24<\/span><\/span><\/div>\n<p class=\"s14\">\n<p class=\"s14\"><span class=\"s13\"><span class=\"bumpedFont20\">Mujeres<\/span><\/span><\/p>\n<div class=\"s17\"><span class=\"s15\">1. <\/span><span class=\"s13\"><span class=\"bumpedFont20\">Alina <\/span><\/span><span class=\"s13\"><span class=\"bumpedFont20\">W\u00fcrth<\/span><\/span><span class=\"s13\"><span class=\"bumpedFont20\"> 4h19:28<\/span><\/span><\/div>\n<div class=\"s17\"><span class=\"s15\">2. <\/span><span class=\"s13\"><span class=\"bumpedFont20\">Claudia <\/span><\/span><span class=\"s13\"><span class=\"bumpedFont20\">Striekwold<\/span><\/span><span class=\"s13\"><span class=\"bumpedFont20\"> 4h21:35<\/span><\/span><\/div>\n<div class=\"s17\"><span class=\"s15\">3. <\/span><span class=\"s13\"><span class=\"bumpedFont20\">Anna <\/span><\/span><span class=\"s13\"><span class=\"bumpedFont20\">Felis<\/span><\/span><span class=\"s13\"><span class=\"bumpedFont20\"> 4h30:59<\/span><\/span><\/div>\n","protected":false},"excerpt":{"rendered":"<p>Esmeralda Mar\u00ed y Strandlind se hacen con la victoria en la Tercera Edici\u00f3n del Mallorca 140.6 Triathlon<\/p>\n","protected":false},"author":322,"featured_media":79767,"comment_status":"closed","ping_status":"closed","sticky":false,"template":"","format":"standard","meta":{"_acf_changed":false,"rank_math_lock_modified_date":false,"footnotes":""},"categories":[17,19,1191],"tags":[9387],"class_list":{"0":"post-79763","1":"post","2":"type-post","3":"status-publish","4":"format-standard","5":"has-post-thumbnail","7":"category-actualidad","8":"category-competiciones","9":"category-triatlon","10":"tag-mallorca1406triathlon"},"acf":[],"_links":{"self":[{"href":"https:\/\/miurltemporal.com/main/triatletasenred.sport.es\/wp-json\/wp\/v2\/posts\/79763"}],"collection":[{"href":"https:\/\/miurltemporal.com/main/triatletasenred.sport.es\/wp-json\/wp\/v2\/posts"}],"about":[{"href":"https:\/\/miurltemporal.com/main/triatletasenred.sport.es\/wp-json\/wp\/v2\/types\/post"}],"author":[{"embeddable":true,"href":"https:\/\/miurltemporal.com/main/triatletasenred.sport.es\/wp-json\/wp\/v2\/users\/322"}],"replies":[{"embeddable":true,"href":"https:\/\/miurltemporal.com/main/triatletasenred.sport.es\/wp-json\/wp\/v2\/comments?post=79763"}],"version-history":[{"count":2,"href":"https:\/\/miurltemporal.com/main/triatletasenred.sport.es\/wp-json\/wp\/v2\/posts\/79763\/revisions"}],"predecessor-version":[{"id":79768,"href":"https:\/\/miurltemporal.com/main/triatletasenred.sport.es\/wp-json\/wp\/v2\/posts\/79763\/revisions\/79768"}],"wp:featuredmedia":[{"embeddable":true,"href":"https:\/\/miurltemporal.com/main/triatletasenred.sport.es\/wp-json\/wp\/v2\/media\/79767"}],"wp:attachment":[{"href":"https:\/\/miurltemporal.com/main/triatletasenred.sport.es\/wp-json\/wp\/v2\/media?parent=79763"}],"wp:term":[{"taxonomy":"category","embeddable":true,"href":"https:\/\/miurltemporal.com/main/triatletasenred.sport.es\/wp-json\/wp\/v2\/categories?post=79763"},{"taxonomy":"post_tag","embeddable":true,"href":"https:\/\/miurltemporal.com/main/triatletasenred.sport.es\/wp-json\/wp\/v2\/tags?post=79763"}],"curies":[{"name":"wp","href":"https:\/\/api.w.org\/{rel}","templated":true}]}}