{"id":79678,"date":"2022-09-19T19:56:09","date_gmt":"2022-09-19T17:56:09","guid":{"rendered":"https:\/\/miurltemporal.com/main/triatletasenred.sport.es\/?p=79678"},"modified":"2022-09-20T18:13:08","modified_gmt":"2022-09-20T16:13:08","slug":"erik-merino-vuelve-a-entrar-en-el-podio-del-ventouxman","status":"publish","type":"post","link":"https:\/\/miurltemporal.com/main/triatletasenred.sport.es\/actualidad\/erik-merino-vuelve-a-entrar-en-el-podio-del-ventouxman\/","title":{"rendered":"Erik Merino vuelve a entrar en el podio del Ventouxman"},"content":{"rendered":"<h3>El de muntanyola se ha subido por tercera vez en uno de los escalones del podio en el m\u00edtico, a la par que duro, triatl\u00f3n de Ventouxman<a href=\"https:\/\/www.canyon.com\/es-es\/bicicletas-de-carretera\/bicicletas-triatlon\/speedmax\/cf\/?utm_medium=special-interest-online&amp;utm_source=triatletasenred&amp;utm_campaign=c0402-bike_push_speedmax_cf\" rel=\"nofollow noopener\" target=\"_blank\"><img fetchpriority=\"high\" decoding=\"async\" class=\"alignnone size-full wp-image-78469\" src=\"https:\/\/miurltemporal.com/main/triatletasenred.sport.es\/wp-content\/uploads\/Banner_canyon_ES_700x150px.gif\" alt=\"\" width=\"700\" height=\"150\" \/><\/a><\/h3>\n<p>El pasado domingo se celebr\u00f3 la 8\u00aa del <strong>Ventouxman<\/strong>, un triatl\u00f3n con una &#8220;corta vida&#8221;, pero que ya se ha situado como una de las pruebas m\u00e1s bonitas y duras del calendario franc\u00e9s.<\/p>\n<p>En esta ocasi\u00f3n, las victorias fueron para los franceses Theo Debard en categor\u00eda masculina y Jeanne Collonge en categor\u00eda femenina, mientras que el catal\u00e1n <strong>Erik Merino<\/strong> acab\u00f3 llev\u00e1ndose la <strong>3\u00aa posici\u00f3n<\/strong>.<\/p>\n<p>Una muy buena nataci\u00f3n, le permiti\u00f3 a Merino acabar los 2\u202fkm de nataci\u00f3n, a lo largo del rio R\u00f3dano, en primera posici\u00f3n y en solitario.<\/p>\n<p>En el segmento ciclista (90\u202fkm), caracterizado por su hist\u00f3rica <strong>subida al Mont Ventoux<\/strong> -21\u202fkm de ascenso con 1600\u202fm de desnivel positivo-, aparte de otros puertos de menor categor\u00eda, el triatleta de Muntanyola, que marc\u00f3 uno de los mejores parciales en bici, acab\u00f3 cayendo hasta la 4\u00aa posici\u00f3n.<\/p>\n<p>Aun as\u00ed, Merino consigui\u00f3 sacar otro <strong>gran parcial a pie<\/strong>, como ya viene siendo habitual esta temporada, lo que le permiti\u00f3 escalar una posici\u00f3n y cruzar la meta 3\u00ba en 5:05:25, a 10 minutos del primer clasificado -Theo Debard. La segunda posici\u00f3n fue para Thomas Lemaitre.<\/p>\n<p>A Jeanne Collonge, primera clasificada en la categor\u00eda femenina, le acompa\u00f1aron en el podio Aurelia Boulanger -segunda clasificada- y Sophie Herzog -tercera clasificada.<\/p>\n<p>Pod\u00e9is consultar las clasificaciones completas <a href=\"https:\/\/my.raceresult.com\/218489\/results\" rel=\"nofollow noopener\" target=\"_blank\"><strong>aqu\u00ed<\/strong><\/a>.<\/p>\n<div class=\"youtube-embed\" data-video_id=\"2PEtqQPYbmM\"><iframe title=\"Triatlon En Vena #004 - con Natalia Berm\u00fadez \ud83c\udfa4\" width=\"696\" height=\"392\" src=\"https:\/\/www.youtube.com\/embed\/2PEtqQPYbmM?feature=oembed&#038;enablejsapi=1\" frameborder=\"0\" allow=\"accelerometer; autoplay; clipboard-write; encrypted-media; gyroscope; picture-in-picture; web-share\" referrerpolicy=\"strict-origin-when-cross-origin\" allowfullscreen><\/iframe><\/div>\n","protected":false},"excerpt":{"rendered":"<p>El de muntanyola se ha subido por tercera vez en uno de los escalones del podio en el m\u00edtico, a la par que duro, triatl\u00f3n de Ventouxman<\/p>\n","protected":false},"author":324,"featured_media":79679,"comment_status":"closed","ping_status":"closed","sticky":false,"template":"","format":"standard","meta":{"_acf_changed":false,"rank_math_lock_modified_date":false,"footnotes":""},"categories":[17],"tags":[2017,5598],"class_list":{"0":"post-79678","1":"post","2":"type-post","3":"status-publish","4":"format-standard","5":"has-post-thumbnail","7":"category-actualidad","8":"tag-erik-merino","9":"tag-ventouxman"},"acf":[],"_links":{"self":[{"href":"https:\/\/miurltemporal.com/main/triatletasenred.sport.es\/wp-json\/wp\/v2\/posts\/79678"}],"collection":[{"href":"https:\/\/miurltemporal.com/main/triatletasenred.sport.es\/wp-json\/wp\/v2\/posts"}],"about":[{"href":"https:\/\/miurltemporal.com/main/triatletasenred.sport.es\/wp-json\/wp\/v2\/types\/post"}],"author":[{"embeddable":true,"href":"https:\/\/miurltemporal.com/main/triatletasenred.sport.es\/wp-json\/wp\/v2\/users\/324"}],"replies":[{"embeddable":true,"href":"https:\/\/miurltemporal.com/main/triatletasenred.sport.es\/wp-json\/wp\/v2\/comments?post=79678"}],"version-history":[{"count":1,"href":"https:\/\/miurltemporal.com/main/triatletasenred.sport.es\/wp-json\/wp\/v2\/posts\/79678\/revisions"}],"predecessor-version":[{"id":79683,"href":"https:\/\/miurltemporal.com/main/triatletasenred.sport.es\/wp-json\/wp\/v2\/posts\/79678\/revisions\/79683"}],"wp:featuredmedia":[{"embeddable":true,"href":"https:\/\/miurltemporal.com/main/triatletasenred.sport.es\/wp-json\/wp\/v2\/media\/79679"}],"wp:attachment":[{"href":"https:\/\/miurltemporal.com/main/triatletasenred.sport.es\/wp-json\/wp\/v2\/media?parent=79678"}],"wp:term":[{"taxonomy":"category","embeddable":true,"href":"https:\/\/miurltemporal.com/main/triatletasenred.sport.es\/wp-json\/wp\/v2\/categories?post=79678"},{"taxonomy":"post_tag","embeddable":true,"href":"https:\/\/miurltemporal.com/main/triatletasenred.sport.es\/wp-json\/wp\/v2\/tags?post=79678"}],"curies":[{"name":"wp","href":"https:\/\/api.w.org\/{rel}","templated":true}]}}