{"id":79653,"date":"2022-09-18T03:39:43","date_gmt":"2022-09-18T01:39:43","guid":{"rendered":"https:\/\/miurltemporal.com/main/triatletasenred.sport.es\/?p=79653"},"modified":"2022-09-18T03:39:44","modified_gmt":"2022-09-18T01:39:44","slug":"romance-moragas-y-regidor-oro-en-el-europeo-de-duatlon","status":"publish","type":"post","link":"https:\/\/miurltemporal.com/main/triatletasenred.sport.es\/actualidad\/romance-moragas-y-regidor-oro-en-el-europeo-de-duatlon\/","title":{"rendered":"Romance, Moragas y Regidor ORO en el Europeo de Duatl\u00f3n"},"content":{"rendered":"\n<h3 class=\"wp-block-heading\">Los t\u00edtulos sub-23 y junior femenina se quedan en casa el d\u00eda de la retirada de Emilio Mart\u00edn<\/h3>\n\n\n\n<figure class=\"wp-block-image size-large\"><img fetchpriority=\"high\" decoding=\"async\" width=\"700\" height=\"150\" src=\"https:\/\/miurltemporal.com/main/triatletasenred.sport.es\/wp-content\/uploads\/INVERSE-TRIATLETASENRED-700x150-1.gif\" alt=\"\" class=\"wp-image-77710\"\/><\/figure>\n\n\n\n<p>Primera jornada para la historia en Bilbao, sede del Multisport que acoger\u00eda los Campeonatos de Europa de Duatl\u00f3n en todas las categor\u00edas<\/p>\n\n\n\n<h4 class=\"wp-block-heading\">\u00c9lite<\/h4>\n\n\n\n<p>Emilio Mart\u00edn regalaba su \u00faltimo baile al deporte que tanto le ha dado en su etapa como profesional. Siendo el resultado lo de menos, el tricampe\u00f3n mundial entrar\u00eda sexto en meta despu\u00e9s de volver a demostrar que ten\u00eda fuerzas para estar entre los mejores del planeta. La prueba la gan\u00f3 Hueber-Moosbrugger. Asimismo, el onubese recibi\u00f3 el cari\u00f1o del p\u00fablico, sus rivales y toda la familia del duatl\u00f3n nacional. \u00a1Grande!<\/p>\n\n\n\n<p>Joan W\u00e6ger ser\u00eda el siguiente, en 20 plaza, seguido de Celestino Fern\u00e1ndez en 26o lugar y Carlos Oliver el 32. Iv\u00e1n Puentes se retirar\u00eda tras una ca\u00edda.<\/p>\n\n\n\n<p>Muy cerca se quedar\u00eda Mar\u00eda Varo, cuarta a pocos segundos de entrar en un podio de lujo d\u00f3nde Priarone ha sido la m\u00e1s veloz. En 12 posici\u00f3n entrar\u00eda Sonia Bejarano.<\/p>\n\n\n\n<h4 class=\"wp-block-heading\">Sub-23<\/h4>\n\n\n\n<p>Excelente trabajo para los nuestros, con Marta Romance y Nicol\u00e1s Regidor mostr\u00e1ndose superiores al resto y luchando por los puestos de honor en la prueba \u00e9lite. Ambos se ganar\u00edan a pulso el oro, con Marina Mu\u00f1oz entrando por detr\u00e1s de Marta y sumando un metal m\u00e1s al medallero.<\/p>\n\n\n\n<h4 class=\"wp-block-heading\">Paratriatl\u00f3n<\/h4>\n\n\n\n<p>Gran papel de los nuestros, con oros para Kini Carrasco (con pedida de mano en meta incluida), Cristian P\u00e9rez y Fernando Anitua. Ricardo Mar\u00edn y Ra\u00fal Zambarana ser\u00edan plata<\/p>\n\n\n\n<h4 class=\"wp-block-heading\">Junior<\/h4>\n\n\n\n<p>La catalana Helena Moragas se proclamar\u00eda campeona de Europa por la ma\u00f1ana, acompa\u00f1ada de Maite Jim\u00e9nez en el bronce. Pelayo Gonz\u00e1lez ser\u00eda el mejor junior en 5a plaza.<\/p>\n","protected":false},"excerpt":{"rendered":"<p>Los t\u00edtulos sub-23 y junior femenina se quedan en casa el d\u00eda de la retirada de Emilio Mart\u00edn Primera jornada para la historia en Bilbao, sede del Multisport que acoger\u00eda los Campeonatos de Europa de Duatl\u00f3n en todas las categor\u00edas \u00c9lite Emilio Mart\u00edn regalaba su \u00faltimo baile al deporte que tanto le ha dado en [&hellip;]<\/p>\n","protected":false},"author":309,"featured_media":79652,"comment_status":"closed","ping_status":"closed","sticky":false,"template":"","format":"standard","meta":{"_acf_changed":false,"rank_math_lock_modified_date":false,"footnotes":""},"categories":[17],"tags":[],"class_list":{"0":"post-79653","1":"post","2":"type-post","3":"status-publish","4":"format-standard","5":"has-post-thumbnail","7":"category-actualidad"},"acf":[],"_links":{"self":[{"href":"https:\/\/miurltemporal.com/main/triatletasenred.sport.es\/wp-json\/wp\/v2\/posts\/79653"}],"collection":[{"href":"https:\/\/miurltemporal.com/main/triatletasenred.sport.es\/wp-json\/wp\/v2\/posts"}],"about":[{"href":"https:\/\/miurltemporal.com/main/triatletasenred.sport.es\/wp-json\/wp\/v2\/types\/post"}],"author":[{"embeddable":true,"href":"https:\/\/miurltemporal.com/main/triatletasenred.sport.es\/wp-json\/wp\/v2\/users\/309"}],"replies":[{"embeddable":true,"href":"https:\/\/miurltemporal.com/main/triatletasenred.sport.es\/wp-json\/wp\/v2\/comments?post=79653"}],"version-history":[{"count":1,"href":"https:\/\/miurltemporal.com/main/triatletasenred.sport.es\/wp-json\/wp\/v2\/posts\/79653\/revisions"}],"predecessor-version":[{"id":79654,"href":"https:\/\/miurltemporal.com/main/triatletasenred.sport.es\/wp-json\/wp\/v2\/posts\/79653\/revisions\/79654"}],"wp:featuredmedia":[{"embeddable":true,"href":"https:\/\/miurltemporal.com/main/triatletasenred.sport.es\/wp-json\/wp\/v2\/media\/79652"}],"wp:attachment":[{"href":"https:\/\/miurltemporal.com/main/triatletasenred.sport.es\/wp-json\/wp\/v2\/media?parent=79653"}],"wp:term":[{"taxonomy":"category","embeddable":true,"href":"https:\/\/miurltemporal.com/main/triatletasenred.sport.es\/wp-json\/wp\/v2\/categories?post=79653"},{"taxonomy":"post_tag","embeddable":true,"href":"https:\/\/miurltemporal.com/main/triatletasenred.sport.es\/wp-json\/wp\/v2\/tags?post=79653"}],"curies":[{"name":"wp","href":"https:\/\/api.w.org\/{rel}","templated":true}]}}