{"id":79640,"date":"2022-09-17T09:24:43","date_gmt":"2022-09-17T07:24:43","guid":{"rendered":"https:\/\/miurltemporal.com/main/triatletasenred.sport.es\/?p=79640"},"modified":"2022-09-17T11:53:56","modified_gmt":"2022-09-17T09:53:56","slug":"la-guia-para-no-perderte-nada-este-fin-de-semana-de-puro-triatlon","status":"publish","type":"post","link":"https:\/\/miurltemporal.com/main/triatletasenred.sport.es\/actualidad\/la-guia-para-no-perderte-nada-este-fin-de-semana-de-puro-triatlon\/","title":{"rendered":"La gu\u00eda para NO PERDERTE NADA este fin de semana de puro TRIATL\u00d3N"},"content":{"rendered":"<h4>Si quieres seguir a Sara y Pablo en PTO Dallas, la SuperLeague Triathlon con Miriam y Baxter o la despedida de Emilio Mart\u00edn como profesional, esta es tu gu\u00eda.<\/h4>\n<p><\/a><\/p>\n<p>Vaya como avance que esta gu\u00eda esta inspirada en el <a href=\"https:\/\/twitter.com\/PedroPale_\/status\/1570672828181270528\" rel=\"nofollow noopener\" target=\"_blank\">hilo de twitter de Pedro Pale<\/a>, que nos lo ha dejado botando, junto a las previas que hemos publicado a lo largo de esta semana en triatletas en red. Y ahora \u00a1AL l\u00edo!<\/p>\n<h4 class=\"entry-title\"><a href=\"https:\/\/miurltemporal.com/main/triatletasenred.sport.es\/actualidad\/sara-perez-y-pablo-dapena-nuestras-bazas-en-el-us-open\/\"><span class=\"td_btn td_btn_lg td_default_btn\">Sara P\u00e9rez y Pablo Dapena, nuestras bazas en el US Open<\/span><\/a><\/h4>\n<hr \/>\n<p class=\"entry-title\"><span class=\"td_btn td_btn_md td_outlined_btn\"><a href=\"https:\/\/miurltemporal.com/main/triatletasenred.sport.es\/actualidad\/sara-perez-y-pablo-dapena-nuestras-bazas-en-el-us-open\/\">Previa completa en TRIATLETAS EN RED<\/a><\/span><\/p>\n<p><strong>Prueba Femenina, con Sara P\u00e9rez &#8211; S\u00e1bado 17 de septiembre 18:30\u00a0<\/strong><\/p>\n<p><span class=\"td_btn td_btn_md td_outlined_btn\"><a href=\"https:\/\/www.eurosport.es\/watch\/\" rel=\"nofollow noopener\" target=\"_blank\">VER EN DIRECTO EN EUROSPORT<\/a><\/span> (Con Victor Arroyo y Antonio Alix, en espa\u00f1ol)<\/p>\n<p><span class=\"td_btn td_btn_md td_outlined_btn\"><a href=\"https:\/\/plus.protriathletes.org\/home\" rel=\"nofollow noopener\" target=\"_blank\">VER EN DIRECTO EN WEB PTO<\/a><\/span> (Ingl\u00e9s)<\/p>\n<p class=\"entry-title\"><strong>Prueba Masculina con Pablo Dapena &#8211; Domingo 18 de septiembre 21:30\u00a0<\/strong><\/p>\n<p><span class=\"td_btn td_btn_md td_outlined_btn\"><a href=\"https:\/\/www.eurosport.es\/watch\/\" rel=\"nofollow noopener\" target=\"_blank\">VER EN DIRECTO EN EUROSPORT<\/a><\/span> (Con Victor Arroyo y Antonio Alix, en espa\u00f1ol)<\/p>\n<p><span class=\"td_btn td_btn_md td_outlined_btn\"><a href=\"https:\/\/plus.protriathletes.org\/home\" rel=\"nofollow noopener\" target=\"_blank\">VER EN DIRECTO EN WEB PTO<\/a><\/span> (Ingl\u00e9s)<\/p>\n<h4 class=\"entry-title\"><span class=\"td_btn td_btn_lg td_default_btn\" style=\"color: #ffffff;\"><a style=\"color: #ffffff;\" href=\"https:\/\/miurltemporal.com/main/triatletasenred.sport.es\/actualidad\/como-ver-a-wurf-contra-sergio-baxter-en-la-slt-de-malibu\/\">Cameron Wurf, Sergio Baxter y Miriam Casillas en la SLT de Malib\u00fa<\/a><\/span><\/h4>\n<hr \/>\n<p class=\"entry-title\"><span class=\"td_btn td_btn_md td_outlined_btn\"><a href=\"https:\/\/miurltemporal.com/main/triatletasenred.sport.es\/actualidad\/como-ver-a-wurf-contra-sergio-baxter-en-la-slt-de-malibu\/\">Previa completa en TRIATLETAS EN RED<\/a><\/span><\/p>\n<p><strong>Prueba Femenina, con Miriam Casillas &#8211; S\u00e1bado 17 de septiembre 22h\u00a0<\/strong><\/p>\n<p><span class=\"td_btn td_btn_md td_outlined_btn\"><a href=\"https:\/\/www.eurosport.es\/watch\/\" rel=\"nofollow noopener\" target=\"_blank\">VER EN DIRECTO EN EUROSPORT<\/a><\/span><\/p>\n<p><span class=\"td_btn td_btn_md td_outlined_btn\"><a href=\"https:\/\/www.youtube.com\/c\/SuperLeagueTriathlonOfficial\" rel=\"nofollow noopener\" target=\"_blank\">VER EN DIRECTO EN WEB SUPERLEAGUE TRIATHLON<\/a><\/span><\/p>\n<p class=\"entry-title\"><strong>Prueba Masculina, con Sergio Baxter &#8211; S\u00e1bado 17 de septiembre 23:30h<\/strong><\/p>\n<p><span class=\"td_btn td_btn_md td_outlined_btn\"><a href=\"https:\/\/www.eurosport.es\/watch\/\" rel=\"nofollow noopener\" target=\"_blank\">VER EN DIRECTO EN EUROSPORT<\/a><\/span><\/p>\n<p><span class=\"td_btn td_btn_md td_outlined_btn\"><a href=\"https:\/\/www.youtube.com\/c\/SuperLeagueTriathlonOfficial\" rel=\"nofollow noopener\" target=\"_blank\">VER EN DIRECTO EN WEB SUPERLEAGUE TRIATHLON<\/a><\/span><\/p>\n<p><span class=\"td_btn td_btn_lg td_default_btn\">Emilio Mart\u00edn despide su etapa como profesional en el Europeo Duatl\u00f3n en BILBAO<\/span><\/p>\n<hr \/>\n<p class=\"entry-title\"><span class=\"td_btn td_btn_md td_outlined_btn\"><a href=\"https:\/\/miurltemporal.com/main/triatletasenred.sport.es\/actualidad\/como-seguir-el-regreso-al-duatlon-internacional-de-emilio-martin\/\">Previa completa en TRIATLETAS EN RED<\/a><\/span><\/p>\n<p><strong>Prueba Femenina, con Maria Varo, Noelia Juan y Sonia Bejarano &#8211; S\u00e1bado 17 de septiembre 17:30h\u00a0<\/strong><\/p>\n<p><span class=\"td_btn td_btn_md td_outlined_btn\"><a href=\"https:\/\/www.rtve.es\/play\/videos\/directo\/triatlon-campeonato-europa-triatlon-multideporte-sprint-directo\/\" rel=\"nofollow noopener\" target=\"_blank\">VER EN DIRECTO EN RTVE ON LINE<\/a><\/span><\/p>\n<p class=\"entry-title\"><strong>Prueba Masculina, con Emilio Mart\u00edn y Celestino Fern\u00e1ndez &#8211; S\u00e1bado 17 de septiembre 19h\u00a0<\/strong><\/p>\n<p><span class=\"td_btn td_btn_md td_outlined_btn\"><a href=\"https:\/\/www.rtve.es\/play\/videos\/directo\/triatlon-campeonato-europa-triatlon-multideporte-sprint-directo\/\" rel=\"nofollow noopener\" target=\"_blank\">VER EN DIRECTO EN RTVE ON LINE<\/a><\/span><\/p>\n<p>[embedyt] https:\/\/www.youtube.com\/watch?v=HcmV5crvkXY[\/embedyt]<\/p>\n","protected":false},"excerpt":{"rendered":"<p>Si quieres seguir a Sara P\u00e9rez y Pablo Dapena en PTO Dallas, la SuperLeague con Miriam y Baxter o el adios de Emilio Mart\u00edn, esta es tu gu\u00eda.<\/p>\n","protected":false},"author":2,"featured_media":79642,"comment_status":"closed","ping_status":"closed","sticky":false,"template":"","format":"standard","meta":{"_acf_changed":false,"rank_math_lock_modified_date":false,"footnotes":""},"categories":[17],"tags":[9395,9396,9394,9397],"class_list":{"0":"post-79640","1":"post","2":"type-post","3":"status-publish","4":"format-standard","5":"has-post-thumbnail","7":"category-actualidad","8":"tag-donde-ver-a-emilio-martin","9":"tag-donde-ver-etu-bilbao","10":"tag-donde-ver-pto-dallas","11":"tag-donde-ver-super-league"},"acf":[],"_links":{"self":[{"href":"https:\/\/miurltemporal.com/main/triatletasenred.sport.es\/wp-json\/wp\/v2\/posts\/79640"}],"collection":[{"href":"https:\/\/miurltemporal.com/main/triatletasenred.sport.es\/wp-json\/wp\/v2\/posts"}],"about":[{"href":"https:\/\/miurltemporal.com/main/triatletasenred.sport.es\/wp-json\/wp\/v2\/types\/post"}],"author":[{"embeddable":true,"href":"https:\/\/miurltemporal.com/main/triatletasenred.sport.es\/wp-json\/wp\/v2\/users\/2"}],"replies":[{"embeddable":true,"href":"https:\/\/miurltemporal.com/main/triatletasenred.sport.es\/wp-json\/wp\/v2\/comments?post=79640"}],"version-history":[{"count":4,"href":"https:\/\/miurltemporal.com/main/triatletasenred.sport.es\/wp-json\/wp\/v2\/posts\/79640\/revisions"}],"predecessor-version":[{"id":79646,"href":"https:\/\/miurltemporal.com/main/triatletasenred.sport.es\/wp-json\/wp\/v2\/posts\/79640\/revisions\/79646"}],"wp:featuredmedia":[{"embeddable":true,"href":"https:\/\/miurltemporal.com/main/triatletasenred.sport.es\/wp-json\/wp\/v2\/media\/79642"}],"wp:attachment":[{"href":"https:\/\/miurltemporal.com/main/triatletasenred.sport.es\/wp-json\/wp\/v2\/media?parent=79640"}],"wp:term":[{"taxonomy":"category","embeddable":true,"href":"https:\/\/miurltemporal.com/main/triatletasenred.sport.es\/wp-json\/wp\/v2\/categories?post=79640"},{"taxonomy":"post_tag","embeddable":true,"href":"https:\/\/miurltemporal.com/main/triatletasenred.sport.es\/wp-json\/wp\/v2\/tags?post=79640"}],"curies":[{"name":"wp","href":"https:\/\/api.w.org\/{rel}","templated":true}]}}