{"id":79569,"date":"2022-09-14T12:15:01","date_gmt":"2022-09-14T10:15:01","guid":{"rendered":"https:\/\/miurltemporal.com/main/triatletasenred.sport.es\/?p=79569"},"modified":"2022-09-14T12:15:42","modified_gmt":"2022-09-14T10:15:42","slug":"favoritoshalfsevilla","status":"publish","type":"post","link":"https:\/\/miurltemporal.com/main/triatletasenred.sport.es\/actualidad\/favoritoshalfsevilla\/","title":{"rendered":"Los favoritos para el Nutrisport Half Triatl\u00f3n de Sevilla by ZONE3"},"content":{"rendered":"<h3><strong>\u00bfPello Osoro? \u00bfGonzalo Fuentes? \u00bfMikel Ugarte? \u00bfQui\u00e9n se llevar\u00e1 el gato al agua?<\/strong><\/h3>\n<p><a href=\"https:\/\/nutrisport.es\/web\/nutricionparatriatlon\/\" rel=\"nofollow noopener\" target=\"_blank\"><img fetchpriority=\"high\" decoding=\"async\" class=\"alignnone size-full wp-image-58138\" src=\"https:\/\/miurltemporal.com/main/triatletasenred.sport.es\/wp-content\/uploads\/banner_2.jpg\" alt=\"\" width=\"3125\" height=\"417\" \/><\/a><\/p>\n<p style=\"font-weight: 400;\">Este pr\u00f3ximo <strong>s\u00e1bado 17 de septiembre<\/strong> llega una nueva edici\u00f3n del <strong>Half Triatl\u00f3n de Sevilla<\/strong> donde se volver\u00e1n a juntar algunos de nuestros triatletas \u00e9lite nacional. Una prueba donde en los \u00faltimos a\u00f1os hemos podido disfrutar de nombres como <strong>V\u00edctor Arroyo, Gustavo Rodr\u00edguez, Gonzalo Fuentes y Jordi Montraveta <\/strong>que han hecho de la prueba un evento a\u00fan m\u00e1s espectacular si cabe.<\/p>\n<p style=\"font-weight: 400;\">Y todo parece que este a\u00f1o no va a ser diferente y vamos a poder ver a algunos gallos como Pello Osoro, Gonzalo Fuentes, Mikel Ugarte, Julen Diez, Ander Segurola que para salir victoriosos van a tener que menear muy r\u00e1pido los brazos, pisar muy fuerte los pedales y mover a gran velocidad las piernas. Pero, vamos a lo que nos gusta, <strong>\u00bfcu\u00e1nto de r\u00e1pido van a tener que ir para poder subir al p\u00f3dium?<\/strong> Pues, vamos a verlo:<\/p>\n<p style=\"font-weight: 400;\"><strong><u>Nataci\u00f3n:<\/u><\/strong><\/p>\n<p style=\"font-weight: 400;\">La nataci\u00f3n, al igual que en los dos \u00faltimos a\u00f1os, se hace a una vuelta por el Guadalquivir donde normalmente el ritmo es r\u00e1pido. En las 2 \u00faltimas ediciones, el primero en salir del agua fue Peru Alfaro que consigui\u00f3 recorrer los 1900 metros en <strong>22:04<\/strong> en 2021 <strong>(1:09\/100)<\/strong> y en <strong>22:43<\/strong> <strong>(1:11\/100)<\/strong> en 2020. Aun as\u00ed, V\u00edctor Arroyo en 2020 con una nataci\u00f3n en <strong>25:25<\/strong> <strong>(1:20\/100)<\/strong> y saliendo el 15 del agua pudo remontar y llegar a l\u00ednea de meta en 3\u00ba lugar.<\/p>\n<p style=\"font-weight: 400;\"><strong><u>Ciclismo:<\/u><\/strong><\/p>\n<p style=\"font-weight: 400;\">Este a\u00f1o el recorrido de bici va a ser un tanto diferente al de los a\u00f1os anteriores, aunque va a seguir siendo muy r\u00e1pido (unos 180 metros m\u00e1s de desnivel que en los a\u00f1os anteriores para un total de 650 metros aproximadamente). En 2020 fue Gustavo Rodr\u00edguez quien consigui\u00f3 el mejor sector moviendo <strong>308 Watts<\/strong> y a una velocidad de casi <strong>42km\/h (41,91km\/h)<\/strong> y en 2021 fue V\u00edctor Arroyo quien lider\u00f3 el sector de bici moviendo <strong>313<\/strong> Watts y a una velocidad de <strong>41km\/h<\/strong> <strong>(40,89km\/h)<\/strong>. En ambos a\u00f1os se ha tenido que ir <strong>por encima de 40,0km\/h<\/strong> para no perder mucho tiempo y poder llegar al p\u00f3dium final. Este a\u00f1o, teniendo en cuenta que el recorrido sigue siendo muy r\u00e1pido, y si las circunstancias meteorol\u00f3gicas o externas no son adversas, probablemente se vaya a tener que ir igual de r\u00e1pido.<\/p>\n<p style=\"font-weight: 400;\">En cuanto a los Watts, cogiendo algunas referencias y muestras que tenemos, se va a tener que ir por encima de 4,1 Watts\/kg si se quiere no perder mucho tiempo y poder llegar al p\u00f3dium en meta.<\/p>\n<p style=\"font-weight: 400;\"><strong><u>Carrera a pie<\/u><\/strong><\/p>\n<p style=\"font-weight: 400;\">El circuito de carrera a pie tambi\u00e9n var\u00eda respecto a los dos a\u00f1os anteriores, aunque sigue siendo igual de llano y r\u00e1pido. Tanto en 2020 como en 2021 fue Gonzalo Fuentes con un id\u00e9ntico parcial ambos a\u00f1os quien consigui\u00f3 ser el m\u00e1s r\u00e1pido en este sector cerrando el cron\u00f3metro en <strong>1:16:30 (a 3:34 el km)<\/strong>. Aun as\u00ed, realizando un parcial de <strong>3:48 el km<\/strong> si se ha realizado una buena nataci\u00f3n y bici te puede mantener en el Top 3 final.<\/p>\n<p style=\"font-weight: 400;\">En definitiva, teniendo en cuenta todos estos datos vistos y para hacer un peque\u00f1o resumen, en la siguiente tabla se puede ver los <strong>ritmos aproximados <\/strong>que creemos que se van a tener que llevar para logar un <strong>TOP 3<\/strong> en el Half Triatl\u00f3n Sevilla del pr\u00f3ximo 17 de septiembre. \u00bfSe cumplir\u00e1 nuestro pron\u00f3stico?<\/p>\n<p style=\"font-weight: 400;\">\n<table style=\"font-weight: 400;\">\n<tbody>\n<tr>\n<td width=\"142\"><strong>RITMO ORIENTATIVOS PARA TOP 3<\/strong><\/td>\n<td width=\"142\"><strong>NATACI\u00d3N<\/strong><\/td>\n<td width=\"142\"><strong>CICLISMO<\/strong><\/td>\n<td width=\"142\"><strong>CARRERA A PIE<\/strong><\/td>\n<\/tr>\n<tr>\n<td width=\"142\"><strong>Ritmo<\/strong><\/td>\n<td width=\"142\">por debajo de <strong>1:20\/100<\/strong><\/td>\n<td width=\"142\">por encima de<\/p>\n<p><strong>39,7 km\/h<\/strong><\/p>\n<p><strong>4,12 wattios\/kg<\/strong><\/td>\n<td width=\"142\">por debajo de<\/p>\n<p><strong>3:50 el km<\/strong><\/td>\n<\/tr>\n<\/tbody>\n<\/table>\n<p style=\"font-weight: 400;\">\n<p style=\"font-weight: 400;\">\n<p style=\"font-weight: 400;\">Por otro lado, en categor\u00eda femenina, aunque la <em>startlist<\/em> estos \u00faltimos a\u00f1os no ha sido muy abundante, tambi\u00e9n hemos podido disfrutar de nombres como A\u00edda Vali\u00f1o quien consigui\u00f3 el segundo puesto en el a\u00f1o 2020. Y este a\u00f1o tendremos en la l\u00ednea de salida a nombres como el de Natalia Berm\u00fadez del ANB Triathlon (3\u00ba en el Triatl\u00f3n Fr\u00f3mista hace un mes compartiendo p\u00f3dium con nada m\u00e1s y nada menos que Gurutze Frades y Helene Alberdi), Mireia Masip de Saltoki Trikidea y Alba Reguillo tambi\u00e9n del Saltoki Trikideak entre otras.<\/p>\n<div class=\"youtube-embed\" data-video_id=\"2PEtqQPYbmM\"><iframe title=\"Triatlon En Vena #004 - con Natalia Berm\u00fadez \ud83c\udfa4\" width=\"696\" height=\"392\" src=\"https:\/\/www.youtube.com\/embed\/2PEtqQPYbmM?start=109&#038;feature=oembed\" frameborder=\"0\" allow=\"accelerometer; autoplay; clipboard-write; encrypted-media; gyroscope; picture-in-picture; web-share\" referrerpolicy=\"strict-origin-when-cross-origin\" allowfullscreen><\/iframe><\/div>\n<p>&nbsp;<\/p>\n","protected":false},"excerpt":{"rendered":"<p>\u00bfPello Osoro? \u00bfGonzalo Fuentes? \u00bfMikel Ugarte? \u00bfQui\u00e9n se llevar\u00e1 el gato al agua en el Nutrisport Half Triatl\u00f3n de Sevilla by ZONE3 ?<\/p>\n","protected":false},"author":325,"featured_media":79570,"comment_status":"closed","ping_status":"closed","sticky":false,"template":"","format":"standard","meta":{"_acf_changed":false,"rank_math_lock_modified_date":false,"footnotes":""},"categories":[17,19,1191],"tags":[9386],"class_list":{"0":"post-79569","1":"post","2":"type-post","3":"status-publish","4":"format-standard","5":"has-post-thumbnail","7":"category-actualidad","8":"category-competiciones","9":"category-triatlon","10":"tag-halfsevilla"},"acf":[],"_links":{"self":[{"href":"https:\/\/miurltemporal.com/main/triatletasenred.sport.es\/wp-json\/wp\/v2\/posts\/79569"}],"collection":[{"href":"https:\/\/miurltemporal.com/main/triatletasenred.sport.es\/wp-json\/wp\/v2\/posts"}],"about":[{"href":"https:\/\/miurltemporal.com/main/triatletasenred.sport.es\/wp-json\/wp\/v2\/types\/post"}],"author":[{"embeddable":true,"href":"https:\/\/miurltemporal.com/main/triatletasenred.sport.es\/wp-json\/wp\/v2\/users\/325"}],"replies":[{"embeddable":true,"href":"https:\/\/miurltemporal.com/main/triatletasenred.sport.es\/wp-json\/wp\/v2\/comments?post=79569"}],"version-history":[{"count":1,"href":"https:\/\/miurltemporal.com/main/triatletasenred.sport.es\/wp-json\/wp\/v2\/posts\/79569\/revisions"}],"predecessor-version":[{"id":79571,"href":"https:\/\/miurltemporal.com/main/triatletasenred.sport.es\/wp-json\/wp\/v2\/posts\/79569\/revisions\/79571"}],"wp:featuredmedia":[{"embeddable":true,"href":"https:\/\/miurltemporal.com/main/triatletasenred.sport.es\/wp-json\/wp\/v2\/media\/79570"}],"wp:attachment":[{"href":"https:\/\/miurltemporal.com/main/triatletasenred.sport.es\/wp-json\/wp\/v2\/media?parent=79569"}],"wp:term":[{"taxonomy":"category","embeddable":true,"href":"https:\/\/miurltemporal.com/main/triatletasenred.sport.es\/wp-json\/wp\/v2\/categories?post=79569"},{"taxonomy":"post_tag","embeddable":true,"href":"https:\/\/miurltemporal.com/main/triatletasenred.sport.es\/wp-json\/wp\/v2\/tags?post=79569"}],"curies":[{"name":"wp","href":"https:\/\/api.w.org\/{rel}","templated":true}]}}