{"id":79560,"date":"2022-09-14T10:50:12","date_gmt":"2022-09-14T08:50:12","guid":{"rendered":"https:\/\/miurltemporal.com/main/triatletasenred.sport.es\/?p=79560"},"modified":"2022-09-14T11:00:07","modified_gmt":"2022-09-14T09:00:07","slug":"ritmos-popular-vs-elite-nacional","status":"publish","type":"post","link":"https:\/\/miurltemporal.com/main/triatletasenred.sport.es\/actualidad\/ritmos-popular-vs-elite-nacional\/","title":{"rendered":"\u00bfComparamos los ritmos de un triatleta &#8220;POPULAR&#8221; Vs &#8220;\u00c9LITE NACIONAL&#8221;"},"content":{"rendered":"<h4 style=\"font-weight: 400;\">Si alguna vez te has preguntado c\u00f3mo &#8220;camina&#8221; nuestra \u00e9lite nacional y cu\u00e1nto m\u00e1s r\u00e1pido van que los mortales, nuestro colaborador I\u00f1aki Aranz\u00e1bal te responde.<\/h4>\n<h1><img fetchpriority=\"high\" decoding=\"async\" class=\"aligncenter size-full wp-image-77710\" src=\"https:\/\/miurltemporal.com/main/triatletasenred.sport.es\/wp-content\/uploads\/INVERSE-TRIATLETASENRED-700x150-1.gif\" alt=\"\" width=\"700\" height=\"150\" \/><\/h1>\n<p style=\"font-weight: 400;\">Muchas veces cuando acudimos a las competiciones o nos ponemos a mirar los datos de los triatletas \u00e9lite que compiten a nivel nacional pensamos <strong>\u00bfles podr\u00eda seguir en la nataci\u00f3n al menos a pies? \u00bfcu\u00e1ntos wattios mueven? \u00bfa qu\u00e9 ritmo de carrera a pie van? \u00bfcu\u00e1nto m\u00e1s nadan, pedalean y corren?<\/strong><\/p>\n<p style=\"font-weight: 400;\">Pues bien, aprovechando los \u00faltimos dos post escritos sobre los ritmos de un \u201cbuen\u201d triatleta de grupos de edad (triatleta con ritmos para optar a un top 5 en carreras de media distancia a nivel nacional o franquicias) y los ritmos que son capaces de meter los triatletas \u00e9lite espa\u00f1oles, hemos querido sacar una comparativa para que podamos ver y conocer claramente las diferencias que hay entre un \u201cbuen\u201d triatleta de grupos de edad y los \u00e9lite nacional. Vamos ah\u00ed:<\/p>\n<p><img decoding=\"async\" class=\"aligncenter size-full wp-image-79561\" src=\"https:\/\/miurltemporal.com/main/triatletasenred.sport.es\/wp-content\/uploads\/TABLA-1.jpg\" alt=\"\" width=\"1564\" height=\"643\" srcset=\"https:\/\/miurltemporal.com/main/triatletasenred.sport.es\/wp-content\/uploads\/TABLA-1.jpg 1564w, https:\/\/miurltemporal.com/main/triatletasenred.sport.es\/wp-content\/uploads\/TABLA-1-700x288.jpg 700w, https:\/\/miurltemporal.com/main/triatletasenred.sport.es\/wp-content\/uploads\/TABLA-1-300x123.jpg 300w, https:\/\/miurltemporal.com/main/triatletasenred.sport.es\/wp-content\/uploads\/TABLA-1-1024x421.jpg 1024w, https:\/\/miurltemporal.com/main/triatletasenred.sport.es\/wp-content\/uploads\/TABLA-1-768x316.jpg 768w, https:\/\/miurltemporal.com/main/triatletasenred.sport.es\/wp-content\/uploads\/TABLA-1-1536x631.jpg 1536w, https:\/\/miurltemporal.com/main/triatletasenred.sport.es\/wp-content\/uploads\/TABLA-1-696x286.jpg 696w, https:\/\/miurltemporal.com/main/triatletasenred.sport.es\/wp-content\/uploads\/TABLA-1-1068x439.jpg 1068w, https:\/\/miurltemporal.com/main/triatletasenred.sport.es\/wp-content\/uploads\/TABLA-1-1022x420.jpg 1022w\" sizes=\"(max-width: 1564px) 100vw, 1564px\" \/><\/p>\n<p style=\"font-weight: 400;\"><strong>Nataci\u00f3n<\/strong><\/p>\n<hr \/>\n<p style=\"font-weight: 400;\">Un \u00e9lite nacional tiene que llevar un<strong>ritmo aproximado de 1:15\/100<\/strong> en el sector de la nataci\u00f3n para que no se le vaya mucho el tiempo y poder optar a los puestos de honor. En cambio, un \u201cbuen\u201d grupo de edad puede rondar el <strong>1:40\/100<\/strong>. Estamos hablando de que el \u00e9lite espa\u00f1ol va un <strong>33% m\u00e1s r\u00e1pido<\/strong> que el grupo de edad.<\/p>\n<p style=\"font-weight: 400;\">Aunque la nataci\u00f3n es una disciplina donde la t\u00e9cnica tiene una relevancia enorme, la diferencia es considerable si pensamos en el tiempo que se necesita invertir para mejorar al menos 5&#8243; los 100m. \u00a1Pues imagina tener que nadar 25&#8243; los 100m m\u00e1s r\u00e1pido!<\/p>\n<p style=\"font-weight: 400;\"><strong>Ciclismo<\/strong><\/p>\n<hr \/>\n<p style=\"font-weight: 400;\">En el sector ciclista, observando el estudio que hicimos y que compartimos en el post anterior, un triatleta \u00e9lite nacional necesita estar <strong>en torno <\/strong>(o por encima)<strong> de 4,3 wattios normalizados\/kilogr\u00e1mo<\/strong> para lograr un sector de bici que le permita luego poder luchar por el Top 5. En cambio, un \u201cbuen\u201d grupo de edad, con una bici <strong>rondando los 3,65 wattios normalizados\/kg<\/strong> podr\u00eda optar a ese Top 5. Es decir, el triatleta \u00e9lite nacional tiene que ir un <strong>17% m\u00e1s fuerte<\/strong> que el grupo de edad.<\/p>\n<p style=\"font-weight: 400;\">Para hacernos una idea un poco m\u00e1s concreta, si ponemos el ejemplo de un triatleta de un grupo de edad de 70kg aproximadamente que hace una bici en torno a 255 wattios normalizados (supone 3,65 wn\/kg), tendr\u00eda que hacer una bici moviendo unos 305 wattios para hacer un sector similar al del triatleta \u00e9lite nacional <strong>\u00a1tendr\u00eda que mover 50 wattios m\u00e1s aproximadamente en los 90km de bici!<\/strong> Casi nada.<\/p>\n<p style=\"font-weight: 400;\"><strong>Carrera a pie<\/strong><\/p>\n<hr \/>\n<p style=\"font-weight: 400;\">En el \u00faltimo sector, la diferencia entre un \u00e9lite nacional y un \u201cbuen\u201d grupo de edad asciende al <strong>18%.<\/strong> En este caso, el \u00e9lite nacional necesita correr a un <strong>ritmo por kil\u00f3metro aproximado de 3:35<\/strong> y al grupo de edad le bastar\u00eda con ir a un <strong>ritmo de 4:15<\/strong> para poder copar los puestos de honor.<\/p>\n<p style=\"font-weight: 400;\">\u00bfOs imagin\u00e1is correr 21km despu\u00e9s de una nataci\u00f3n y una bicicleta exigentes al ritmo en el que t\u00fa haces un entrenamiento exigente como puede ser 8 x 1000 fuertes? De locos.<\/p>\n<p style=\"font-weight: 400;\">Como conclusi\u00f3n, <strong>y teniendo en cuenta nuestro estudio con las muestras analizadas<\/strong>, podemos decir que las diferencias se dan en las 3 disciplinas, aunque es verdad que dicha diferencia es mayor en la nataci\u00f3n que en la bici o en la carrera a pie (a pesar de que las diferencias totales sean mayores en el sector ciclista y en el de carrera a pie debido a la mayor distancia y duraci\u00f3n de estos sectores).<\/p>\n<p><img decoding=\"async\" class=\"aligncenter size-full wp-image-79562\" src=\"https:\/\/miurltemporal.com/main/triatletasenred.sport.es\/wp-content\/uploads\/TABLA-2.jpg\" alt=\"\" width=\"1564\" height=\"643\" srcset=\"https:\/\/miurltemporal.com/main/triatletasenred.sport.es\/wp-content\/uploads\/TABLA-2.jpg 1564w, https:\/\/miurltemporal.com/main/triatletasenred.sport.es\/wp-content\/uploads\/TABLA-2-700x288.jpg 700w, https:\/\/miurltemporal.com/main/triatletasenred.sport.es\/wp-content\/uploads\/TABLA-2-300x123.jpg 300w, https:\/\/miurltemporal.com/main/triatletasenred.sport.es\/wp-content\/uploads\/TABLA-2-1024x421.jpg 1024w, https:\/\/miurltemporal.com/main/triatletasenred.sport.es\/wp-content\/uploads\/TABLA-2-768x316.jpg 768w, https:\/\/miurltemporal.com/main/triatletasenred.sport.es\/wp-content\/uploads\/TABLA-2-1536x631.jpg 1536w, https:\/\/miurltemporal.com/main/triatletasenred.sport.es\/wp-content\/uploads\/TABLA-2-696x286.jpg 696w, https:\/\/miurltemporal.com/main/triatletasenred.sport.es\/wp-content\/uploads\/TABLA-2-1068x439.jpg 1068w, https:\/\/miurltemporal.com/main/triatletasenred.sport.es\/wp-content\/uploads\/TABLA-2-1022x420.jpg 1022w\" sizes=\"(max-width: 1564px) 100vw, 1564px\" \/><\/p>\n<p><iframe title=\"Triatlon En Vena #003 - con PELLO OSORO\ud83c\udfa4\" width=\"696\" height=\"392\" src=\"https:\/\/www.youtube.com\/embed\/HfFKLhi5oRw?feature=oembed\" frameborder=\"0\" allow=\"accelerometer; autoplay; clipboard-write; encrypted-media; gyroscope; picture-in-picture; web-share\" referrerpolicy=\"strict-origin-when-cross-origin\" allowfullscreen><\/iframe><\/p>\n<p style=\"font-weight: 400;\">\n","protected":false},"excerpt":{"rendered":"<p>\u00bfTe has preguntado c\u00f3mo &#8220;camina&#8221; nuestra \u00e9lite nacional y cu\u00e1nto m\u00e1s r\u00e1pido van que los mortales? I\u00f1aki Aranz\u00e1bal te responde.<\/p>\n","protected":false},"author":325,"featured_media":78316,"comment_status":"closed","ping_status":"closed","sticky":false,"template":"","format":"standard","meta":{"_acf_changed":false,"rank_math_lock_modified_date":false,"footnotes":""},"categories":[17],"tags":[9385],"class_list":{"0":"post-79560","1":"post","2":"type-post","3":"status-publish","4":"format-standard","5":"has-post-thumbnail","7":"category-actualidad","8":"tag-ritmos-de-carrera-triatlon"},"acf":[],"_links":{"self":[{"href":"https:\/\/miurltemporal.com/main/triatletasenred.sport.es\/wp-json\/wp\/v2\/posts\/79560"}],"collection":[{"href":"https:\/\/miurltemporal.com/main/triatletasenred.sport.es\/wp-json\/wp\/v2\/posts"}],"about":[{"href":"https:\/\/miurltemporal.com/main/triatletasenred.sport.es\/wp-json\/wp\/v2\/types\/post"}],"author":[{"embeddable":true,"href":"https:\/\/miurltemporal.com/main/triatletasenred.sport.es\/wp-json\/wp\/v2\/users\/325"}],"replies":[{"embeddable":true,"href":"https:\/\/miurltemporal.com/main/triatletasenred.sport.es\/wp-json\/wp\/v2\/comments?post=79560"}],"version-history":[{"count":2,"href":"https:\/\/miurltemporal.com/main/triatletasenred.sport.es\/wp-json\/wp\/v2\/posts\/79560\/revisions"}],"predecessor-version":[{"id":79565,"href":"https:\/\/miurltemporal.com/main/triatletasenred.sport.es\/wp-json\/wp\/v2\/posts\/79560\/revisions\/79565"}],"wp:featuredmedia":[{"embeddable":true,"href":"https:\/\/miurltemporal.com/main/triatletasenred.sport.es\/wp-json\/wp\/v2\/media\/78316"}],"wp:attachment":[{"href":"https:\/\/miurltemporal.com/main/triatletasenred.sport.es\/wp-json\/wp\/v2\/media?parent=79560"}],"wp:term":[{"taxonomy":"category","embeddable":true,"href":"https:\/\/miurltemporal.com/main/triatletasenred.sport.es\/wp-json\/wp\/v2\/categories?post=79560"},{"taxonomy":"post_tag","embeddable":true,"href":"https:\/\/miurltemporal.com/main/triatletasenred.sport.es\/wp-json\/wp\/v2\/tags?post=79560"}],"curies":[{"name":"wp","href":"https:\/\/api.w.org\/{rel}","templated":true}]}}