{"id":79506,"date":"2022-08-31T14:17:59","date_gmt":"2022-08-31T12:17:59","guid":{"rendered":"https:\/\/miurltemporal.com/main/triatletasenred.sport.es\/?p=79506"},"modified":"2022-09-13T15:17:54","modified_gmt":"2022-09-13T13:17:54","slug":"ironman-le-da-a-andreas-dreitz-una-invitacion-para-kona","status":"publish","type":"post","link":"https:\/\/miurltemporal.com/main/triatletasenred.sport.es\/actualidad\/ironman-le-da-a-andreas-dreitz-una-invitacion-para-kona\/","title":{"rendered":"IRONMAN le da a Andreas Dreitz una invitaci\u00f3n para Kona"},"content":{"rendered":"<p><img decoding=\"async\" src=\"https:\/\/web.archive.org\/web\/20220831120855im_\/https:\/\/triatletasenred.sport.es\/wp-content\/uploads\/andi-dreitz-jamesmitchell-ap4i2185-kopie-696x464.jpg\" \/><\/p>\n<h3>El triatleta alem\u00e1n del equipo Erdinger, Andreas Dreitz, ha recibido una wildcard para participar en el pr\u00f3ximo Campeonato del Mundo de IM<\/h3>\n<p><a href=\"https:\/\/web.archive.org\/web\/20220831120855\/https:\/\/zone3.es\/\" rel=\"nofollow noopener\" target=\"_blank\"><img fetchpriority=\"high\" decoding=\"async\" class=\"alignnone size-full wp-image-66903\" src=\"https:\/\/web.archive.org\/web\/20220831120855im_\/https:\/\/triatletasenred.sport.es\/wp-content\/uploads\/Banner-Zone3-746x149px.gif\" alt=\"\" width=\"746\" height=\"149\" \/><\/a><\/p>\n<p>En el pasado mes de mayo, el alem\u00e1n\u00a0<strong>Andreas Dreitz<\/strong>, tom\u00f3 la salida del<strong>\u00a0Campeonato del Mundo de IM celebrado en St. George<\/strong>, tras clasificarse en el IM de Florida en 2020. Por desgracia, el compa\u00f1ero de equipo y compatriota de Patrick Lange,\u00a0<strong>no consigui\u00f3 llegar ni al ecuador de la competici\u00f3n<\/strong>.<\/p>\n<p>Cuando rodaba a m\u00e1s de 80\u202fkm\/h en una de las secciones m\u00e1s inclinadas del circuito, una de las motos de la organizaci\u00f3n que circulaba cerca de \u00e9l, fren\u00f3 en medio del descenso justo delante suya. A pesar de que Dreitz apret\u00f3 los frenos con todas sus fuerzas,\u00a0<strong>fue imposible evitar el choque<\/strong>\u00a0que le provoc\u00f3 una fractura de la ap\u00f3fisis espinosa de una v\u00e9rtebra lumbar, del cu\u00e1driceps izquierdo y muchos rasgu\u00f1os. Adem\u00e1s de una bici con la horquilla partida por la mitad.<\/p>\n<p>Esto ha hecho que, con todo el tiempo que le ha supuesto rehabilitarse,\u00a0<strong>no haya podido preparar ning\u00fan IRONMAN<\/strong>, por lo que no ha tenido oportunidad de clasificarse para el pr\u00f3ximo mundial que se celebrar\u00e1 en Kona, en octubre.<\/p>\n<div class=\"td-g-rec td-g-rec-id-content_inline tdi_3 td_block_template_5 \">\n<p><span class=\"td-adspot-title\">Publicidad<\/span><ins class=\"adsbygoogle\" data-ad-client=\"ca-pub-2424765883056631\" data-ad-slot=\"9515338269\" data-adsbygoogle-status=\"done\"><\/ins><\/p>\n<div id=\"aswift_2_host\"><\/div>\n<p>&nbsp;<\/p>\n<\/div>\n<p>Lo que s\u00ed que ha podido hacer tras recibir la luz verde por parte de sus doctores, es participar este pasado fin de semana en el\u00a0<strong>IM 70.3 Zell Am See<\/strong>\u00a0(Austria), donde consigui\u00f3 marcar uno de los mejores parciales en bici y llevarse la 8\u00aa posici\u00f3n. \u00ab<strong>Nunca he estado m\u00e1s feliz con el octavo puesto<\/strong>\u00ab, coment\u00f3 el alem\u00e1n al finalizar la prueba.<\/p>\n<h3>Dreitz recibe una wildcard para Haw\u00e1i<\/h3>\n<p>La noticia de su regreso a la competici\u00f3n no pod\u00eda llegar mejor acompa\u00f1ada, y es que tras acabar el triatl\u00f3n en Austria, IRONMAN anunci\u00f3 que le iba a otorgar a Dreitz una\u00a0<strong><em>wildcard<\/em>\u00a0para que pudiese participar este a\u00f1o en Kona despu\u00e9s de todo lo ocurrido en St. George<\/strong>.<\/p>\n<p>\u201c<strong>Estoy feliz de poder volver a tocar en el gran concierto este a\u00f1o<\/strong>. Por supuesto que me hubiese gustado clasificarme deportivamente, pero como se me acab\u00f3 el tiempo, estoy agradecido de tener esta oportunidad\u00bb, ha explicado Dreitz.<\/p>\n<p>Por lo que con este, Alemania contar\u00e1 con 14 de sus deportistas en la gran cita del triatl\u00f3n sin\u00a0<em>drafting.<\/em><\/p>\n<p><iframe id=\"_ytid_60643\" class=\"__youtube_prefs__ epyt-is-override no-lazyload\" title=\"YouTube player\" src=\"https:\/\/web.archive.org\/web\/20220831120855if_\/https:\/\/www.youtube.com\/embed\/HfFKLhi5oRw?enablejsapi=1&amp;autoplay=0&amp;cc_load_policy=0&amp;cc_lang_pref=&amp;iv_load_policy=1&amp;loop=0&amp;modestbranding=1&amp;rel=1&amp;fs=1&amp;playsinline=0&amp;autohide=2&amp;theme=dark&amp;color=red&amp;controls=1&amp;\" width=\"100%\" height=\"392\" allowfullscreen=\"allowfullscreen\" data-origwidth=\"696\" data-origheight=\"392\" data-vol=\"17\" data-epautoplay=\"1\" data-no-lazy=\"1\" data-skipgform_ajax_framebjll=\"\" data-gtm-yt-inspected-2613943_759=\"true\" data-mce-fragment=\"1\"><\/iframe><\/p>\n","protected":false},"excerpt":{"rendered":"<p>El triatleta alem\u00e1n del equipo Erdinger, Andreas Dreitz, ha recibido una wildcard para participar en el pr\u00f3ximo Campeonato del Mundo de IM En el pasado mes de mayo, el alem\u00e1n\u00a0Andreas Dreitz, tom\u00f3 la salida del\u00a0Campeonato del Mundo de IM celebrado en St. George, tras clasificarse en el IM de Florida en 2020. Por desgracia, el [&hellip;]<\/p>\n","protected":false},"author":324,"featured_media":79507,"comment_status":"closed","ping_status":"closed","sticky":false,"template":"","format":"standard","meta":{"_acf_changed":false,"rank_math_lock_modified_date":false,"footnotes":""},"categories":[17],"tags":[6533,404,372],"class_list":{"0":"post-79506","1":"post","2":"type-post","3":"status-publish","4":"format-standard","5":"has-post-thumbnail","7":"category-actualidad","8":"tag-andreas-dreitz","9":"tag-ironman","10":"tag-kona"},"acf":[],"_links":{"self":[{"href":"https:\/\/miurltemporal.com/main/triatletasenred.sport.es\/wp-json\/wp\/v2\/posts\/79506"}],"collection":[{"href":"https:\/\/miurltemporal.com/main/triatletasenred.sport.es\/wp-json\/wp\/v2\/posts"}],"about":[{"href":"https:\/\/miurltemporal.com/main/triatletasenred.sport.es\/wp-json\/wp\/v2\/types\/post"}],"author":[{"embeddable":true,"href":"https:\/\/miurltemporal.com/main/triatletasenred.sport.es\/wp-json\/wp\/v2\/users\/324"}],"replies":[{"embeddable":true,"href":"https:\/\/miurltemporal.com/main/triatletasenred.sport.es\/wp-json\/wp\/v2\/comments?post=79506"}],"version-history":[{"count":2,"href":"https:\/\/miurltemporal.com/main/triatletasenred.sport.es\/wp-json\/wp\/v2\/posts\/79506\/revisions"}],"predecessor-version":[{"id":79509,"href":"https:\/\/miurltemporal.com/main/triatletasenred.sport.es\/wp-json\/wp\/v2\/posts\/79506\/revisions\/79509"}],"wp:featuredmedia":[{"embeddable":true,"href":"https:\/\/miurltemporal.com/main/triatletasenred.sport.es\/wp-json\/wp\/v2\/media\/79507"}],"wp:attachment":[{"href":"https:\/\/miurltemporal.com/main/triatletasenred.sport.es\/wp-json\/wp\/v2\/media?parent=79506"}],"wp:term":[{"taxonomy":"category","embeddable":true,"href":"https:\/\/miurltemporal.com/main/triatletasenred.sport.es\/wp-json\/wp\/v2\/categories?post=79506"},{"taxonomy":"post_tag","embeddable":true,"href":"https:\/\/miurltemporal.com/main/triatletasenred.sport.es\/wp-json\/wp\/v2\/tags?post=79506"}],"curies":[{"name":"wp","href":"https:\/\/api.w.org\/{rel}","templated":true}]}}