{"id":79433,"date":"2022-08-15T07:00:30","date_gmt":"2022-08-15T05:00:30","guid":{"rendered":"https:\/\/miurltemporal.com/main/triatletasenred.sport.es\/?p=79433"},"modified":"2022-08-14T22:56:14","modified_gmt":"2022-08-14T20:56:14","slug":"medalla-de-bronce-para-ruzafa-en-el-europeo-de-xterra","status":"publish","type":"post","link":"https:\/\/miurltemporal.com/main/triatletasenred.sport.es\/actualidad\/medalla-de-bronce-para-ruzafa-en-el-europeo-de-xterra\/","title":{"rendered":"Medalla de bronce para Ruzafa en el Europeo de Xterra"},"content":{"rendered":"<h3>El triatleta Rub\u00e9n Ruzafa ha acabado en tercera posici\u00f3n en el Campeonato de Europa de Xterra 2022 celebrado en la Rep\u00fablica Checa<\/h3>\n<p><a href=\"https:\/\/www.canyon.com\/es-es\/bicicletas-de-carretera\/bicicletas-triatlon\/speedmax\/cf\/?utm_medium=special-interest-online&amp;utm_source=triatletasenred&amp;utm_campaign=c0402-bike_push_speedmax_cf\" rel=\"nofollow noopener\" target=\"_blank\"><img fetchpriority=\"high\" decoding=\"async\" class=\"alignnone size-full wp-image-78469\" src=\"https:\/\/miurltemporal.com/main/triatletasenred.sport.es\/wp-content\/uploads\/Banner_canyon_ES_700x150px.gif\" alt=\"\" width=\"700\" height=\"150\" \/><\/a><\/p>\n<p>A la par que el Campeonato de Europa de Triatl\u00f3n celebrado en M\u00fanich, el pasado fin de semana se ha celebrado el <strong>Campeonato de Europa de Xterra<\/strong>, el cual ha tenido lugar en la localidad de <strong>Prachatice<\/strong>, en la Rep\u00fablica Checa.<\/p>\n<p>Como no, nuestro \u00fanico representante en la categor\u00eda PRO masculina, <strong>Rub\u00e9n Ruzafa<\/strong>, con sus 3 medallas de oro en mundiales y otras 2 en europeos -competiciones Xterra-, part\u00eda como uno de los favoritos.<\/p>\n<h3>Rub\u00e9n Ruzafa 3\u00ba de Europa<\/h3>\n<p>Gracias a su habilidad sobre las dos ruedas, Rub\u00e9n marc\u00f3 el <strong>mejor parcial en la bici<\/strong>, lo que le permiti\u00f3 recuperar 18 posiciones que hab\u00eda perdido nadando y llegar a la T2 en segunda posici\u00f3n. Despu\u00e9s, a pesar de una carrera a pie muy consistente, el franc\u00e9s <strong>Felix Forissier<\/strong> fue m\u00e1s r\u00e1pido en los \u00faltimos metros y le arrebat\u00f3 la medalla de plata por tan solo 4 segundos. Ruzafa entr\u00f3 tercero, a 1 minuto 42 de segundos del otro franc\u00e9s, <strong>Arthur Serrieres<\/strong>, quien se llev\u00f3 la medalla de oro.<\/p>\n<p>En <strong>categor\u00eda femenina<\/strong> la victoria fue para la italiana <strong>Sandra Mairhofer<\/strong>, seguida de la francesa <strong>Paties Aliz\u00e9e<\/strong> y la suiza <strong>Loanne Duvoisin<\/strong>. <strong>Mar\u00eda Calleja<\/strong>, nuestra representante en esta prueba, finaliz\u00f3 en la 13\u00aa posici\u00f3n.<\/p>\n<div class=\"youtube-embed\" data-video_id=\"9FU6Syemf2s\"><iframe title=\"JAVIER G\u00d3MEZ NOYA \ud83d\udc49  El TRIATL\u00d3N DE HOY desde el prisma de una LEYENDA \ud83d\ude4c\" width=\"696\" height=\"392\" src=\"https:\/\/www.youtube.com\/embed\/9FU6Syemf2s?start=553&#038;feature=oembed\" frameborder=\"0\" allow=\"accelerometer; autoplay; clipboard-write; encrypted-media; gyroscope; picture-in-picture; web-share\" referrerpolicy=\"strict-origin-when-cross-origin\" allowfullscreen><\/iframe><\/div>\n","protected":false},"excerpt":{"rendered":"<p>El triatleta Rub\u00e9n Ruzafa ha acabado en tercera posici\u00f3n en el Campeonato de Europa de Xterra 2022 celebrado en la Rep\u00fablica Checa<\/p>\n","protected":false},"author":324,"featured_media":79434,"comment_status":"closed","ping_status":"closed","sticky":false,"template":"","format":"standard","meta":{"_acf_changed":false,"rank_math_lock_modified_date":false,"footnotes":""},"categories":[17],"tags":[1986,2022],"class_list":{"0":"post-79433","1":"post","2":"type-post","3":"status-publish","4":"format-standard","5":"has-post-thumbnail","7":"category-actualidad","8":"tag-ruben-ruzafa","9":"tag-xterra"},"acf":[],"_links":{"self":[{"href":"https:\/\/miurltemporal.com/main/triatletasenred.sport.es\/wp-json\/wp\/v2\/posts\/79433"}],"collection":[{"href":"https:\/\/miurltemporal.com/main/triatletasenred.sport.es\/wp-json\/wp\/v2\/posts"}],"about":[{"href":"https:\/\/miurltemporal.com/main/triatletasenred.sport.es\/wp-json\/wp\/v2\/types\/post"}],"author":[{"embeddable":true,"href":"https:\/\/miurltemporal.com/main/triatletasenred.sport.es\/wp-json\/wp\/v2\/users\/324"}],"replies":[{"embeddable":true,"href":"https:\/\/miurltemporal.com/main/triatletasenred.sport.es\/wp-json\/wp\/v2\/comments?post=79433"}],"version-history":[{"count":1,"href":"https:\/\/miurltemporal.com/main/triatletasenred.sport.es\/wp-json\/wp\/v2\/posts\/79433\/revisions"}],"predecessor-version":[{"id":79435,"href":"https:\/\/miurltemporal.com/main/triatletasenred.sport.es\/wp-json\/wp\/v2\/posts\/79433\/revisions\/79435"}],"wp:featuredmedia":[{"embeddable":true,"href":"https:\/\/miurltemporal.com/main/triatletasenred.sport.es\/wp-json\/wp\/v2\/media\/79434"}],"wp:attachment":[{"href":"https:\/\/miurltemporal.com/main/triatletasenred.sport.es\/wp-json\/wp\/v2\/media?parent=79433"}],"wp:term":[{"taxonomy":"category","embeddable":true,"href":"https:\/\/miurltemporal.com/main/triatletasenred.sport.es\/wp-json\/wp\/v2\/categories?post=79433"},{"taxonomy":"post_tag","embeddable":true,"href":"https:\/\/miurltemporal.com/main/triatletasenred.sport.es\/wp-json\/wp\/v2\/tags?post=79433"}],"curies":[{"name":"wp","href":"https:\/\/api.w.org\/{rel}","templated":true}]}}