{"id":79354,"date":"2022-08-07T01:15:48","date_gmt":"2022-08-06T23:15:48","guid":{"rendered":"https:\/\/miurltemporal.com/main/triatletasenred.sport.es\/?p=79354"},"modified":"2022-08-07T01:15:48","modified_gmt":"2022-08-06T23:15:48","slug":"4-medallas-para-la-paratriarmada-en-la-serie-mundial-de-swansea","status":"publish","type":"post","link":"https:\/\/miurltemporal.com/main/triatletasenred.sport.es\/actualidad\/4-medallas-para-la-paratriarmada-en-la-serie-mundial-de-swansea\/","title":{"rendered":"4 medallas para la Paratriarmada en la Serie Mundial de Swansea"},"content":{"rendered":"<h3>Lionel Morales, Dani Molina, Andrea Migu\u00e9lez y Cristina Miranda se llevan medalla en una Serie Mundial plagada de buenos resultados<\/h3>\n<p><\/a><\/p>\n<p>Gales acog\u00eda una parada m\u00e1s del camino a Par\u00eds para muchos de los nuestros. Y es que la selecci\u00f3n espa\u00f1ola se desplazaba a tierras brit\u00e1nicas para la disputa de la World Triathlon Para Series de Swansea.<\/p>\n<p>Los mejores resultados los conseguir\u00edan <strong>Lionel Morales<\/strong> y <strong>Dani Molina,<\/strong> con dos podios absolutos en sus respectivas categor\u00edas con un bronce en PTS2 y una plata en PTS3, respectivamente. De la misma manera, pero en la categor\u00eda de Promesas Paral\u00edmpicas, <strong>Andrea Migu\u00e9lez<\/strong> consegu\u00eda la victoria en PTS4 y <strong>Cristina Miranda<\/strong> se hac\u00eda con el bronce en PTS5. Nuestro redactor <strong>Rafa Cabello<\/strong> se met\u00eda en el top 10 de la categor\u00eda PTVI.<\/p>\n<h4>Resultados completos de la selecci\u00f3n<\/h4>\n<p>9\u00ba Jos\u00e9 <strong>Cristobal<\/strong> <strong>Ramos<\/strong> \u2013 PTWC (Promesas Paral\u00edmpicas)<br \/>\n11\u00ba Manuel <strong>Afonso<\/strong> <strong>Betancor<\/strong> \u2013 PTWC<br \/>\n10\u00ba Rafael <strong>Cabello<\/strong> \u2013 PTVI (Promesas Paral\u00edmpicas)<br \/>\n11\u00ba Abel <strong>Torreblanca<\/strong> \u2013 PTVI (Promesas Paral\u00edmpicas)<br \/>\n3\u00ba Lionel <strong>Morales<\/strong> \u2013 PTS2<br \/>\n2\u00ba Daniel <strong>Molina<\/strong> \u2013 PTS3<br \/>\n6\u00ba Kini <strong>Carrasco<\/strong> \u2013 PTS3<br \/>\n7\u00ba Nil <strong>Riudavets<\/strong> \u2013 PTS4 (Promesas Paral\u00edmpicas)<br \/>\n13\u00ba Juan <strong>Jes\u00fas<\/strong> <strong>Aguiar<\/strong> \u2013 PTS4<br \/>\n14\u00ba Diego <strong>Lardon<\/strong> \u2013 PTS4 (Promesas Paral\u00edmpicas)<br \/>\n15\u00ba Marc <strong>Rodr\u00edguez<\/strong> \u2013 PTS4<br \/>\n10\u00ba Jairo <strong>Ruiz<\/strong> \u2013 PTS5<br \/>\n14\u00ba Antonio <strong>Francisco<\/strong> <strong>Garc\u00eda<\/strong> \u2013 PTS5 (Promesas Paral\u00edmpicas)<br \/>\n1\u00aa Andrea <strong>Migu\u00e9lez<\/strong> \u2013 Pts4 (Promesas Paral\u00edmpicas)<br \/>\n3\u00aa Cristina <strong>Miranda<\/strong> \u2013 PTS5 (Promesas Paral\u00edmpicas)<\/p>\n<div class=\"youtube-embed\" data-video_id=\"wIkZP2mogLs\"><iframe title=\"A fondo con las zapas de Javi G\u00f3mez Noya \ud83d\udc49 DMT KT1 in da house\" width=\"696\" height=\"392\" src=\"https:\/\/www.youtube.com\/embed\/wIkZP2mogLs?start=165&#038;feature=oembed\" frameborder=\"0\" allow=\"accelerometer; autoplay; clipboard-write; encrypted-media; gyroscope; picture-in-picture; web-share\" referrerpolicy=\"strict-origin-when-cross-origin\" allowfullscreen><\/iframe><\/div>\n","protected":false},"excerpt":{"rendered":"<p>Lionel Morales, Dani Molina, Andrea Migu\u00e9lez y Cristina Miranda se llevan medalla en una Serie Mundial plagada de buenos resultados<\/p>\n","protected":false},"author":309,"featured_media":79355,"comment_status":"closed","ping_status":"closed","sticky":false,"template":"","format":"standard","meta":{"_acf_changed":false,"rank_math_lock_modified_date":false,"footnotes":""},"categories":[17],"tags":[8017,1099,9348],"class_list":{"0":"post-79354","1":"post","2":"type-post","3":"status-publish","4":"format-standard","5":"has-post-thumbnail","7":"category-actualidad","8":"tag-paratriarmada","9":"tag-paratriatlon","10":"tag-wtps"},"acf":[],"_links":{"self":[{"href":"https:\/\/miurltemporal.com/main/triatletasenred.sport.es\/wp-json\/wp\/v2\/posts\/79354"}],"collection":[{"href":"https:\/\/miurltemporal.com/main/triatletasenred.sport.es\/wp-json\/wp\/v2\/posts"}],"about":[{"href":"https:\/\/miurltemporal.com/main/triatletasenred.sport.es\/wp-json\/wp\/v2\/types\/post"}],"author":[{"embeddable":true,"href":"https:\/\/miurltemporal.com/main/triatletasenred.sport.es\/wp-json\/wp\/v2\/users\/309"}],"replies":[{"embeddable":true,"href":"https:\/\/miurltemporal.com/main/triatletasenred.sport.es\/wp-json\/wp\/v2\/comments?post=79354"}],"version-history":[{"count":1,"href":"https:\/\/miurltemporal.com/main/triatletasenred.sport.es\/wp-json\/wp\/v2\/posts\/79354\/revisions"}],"predecessor-version":[{"id":79356,"href":"https:\/\/miurltemporal.com/main/triatletasenred.sport.es\/wp-json\/wp\/v2\/posts\/79354\/revisions\/79356"}],"wp:featuredmedia":[{"embeddable":true,"href":"https:\/\/miurltemporal.com/main/triatletasenred.sport.es\/wp-json\/wp\/v2\/media\/79355"}],"wp:attachment":[{"href":"https:\/\/miurltemporal.com/main/triatletasenred.sport.es\/wp-json\/wp\/v2\/media?parent=79354"}],"wp:term":[{"taxonomy":"category","embeddable":true,"href":"https:\/\/miurltemporal.com/main/triatletasenred.sport.es\/wp-json\/wp\/v2\/categories?post=79354"},{"taxonomy":"post_tag","embeddable":true,"href":"https:\/\/miurltemporal.com/main/triatletasenred.sport.es\/wp-json\/wp\/v2\/tags?post=79354"}],"curies":[{"name":"wp","href":"https:\/\/api.w.org\/{rel}","templated":true}]}}