{"id":79333,"date":"2022-08-04T19:30:01","date_gmt":"2022-08-04T17:30:01","guid":{"rendered":"https:\/\/miurltemporal.com/main/triatletasenred.sport.es\/?p=79333"},"modified":"2022-08-04T19:30:53","modified_gmt":"2022-08-04T17:30:53","slug":"record-de-audiencia-en-el-tour-de-francia-femenino","status":"publish","type":"post","link":"https:\/\/miurltemporal.com/main/triatletasenred.sport.es\/actualidad\/record-de-audiencia-en-el-tour-de-francia-femenino\/","title":{"rendered":"R\u00e9cord de audiencia en el Tour de Francia Femenino"},"content":{"rendered":"<h3>M\u00e1s de 20 millones de espectadores son los que ha acumulado el Tour de Francia Femenino durante los 8 d\u00edas de competici\u00f3n<\/h3>\n<p><a href=\"https:\/\/www.canyon.com\/es-es\/bicicletas-de-carretera\/bicicletas-triatlon\/speedmax\/cf\/?utm_medium=special-interest-online&amp;utm_source=triatletasenred&amp;utm_campaign=c0402-bike_push_speedmax_cf\" rel=\"nofollow noopener\" target=\"_blank\"><img fetchpriority=\"high\" decoding=\"async\" class=\"alignnone size-full wp-image-78469\" src=\"https:\/\/miurltemporal.com/main/triatletasenred.sport.es\/wp-content\/uploads\/Banner_canyon_ES_700x150px.gif\" alt=\"\" width=\"700\" height=\"150\" \/><\/a><\/p>\n<p>Tras 33 a\u00f1os de ausencia, este a\u00f1o regres\u00f3 el <strong>Tour de Francia Femenino<\/strong>. Sin embargo, la reintroducci\u00f3n de esta gran vuelta vino de la mano de una advertencia muy contundente por parte de <strong>Christian Prudhomme<\/strong> -Director del Tour de Francia, diciendo que <strong>si perd\u00eda dinero, acabar\u00eda con la prueba<\/strong> al igual que ya ocurri\u00f3 en los 80&#8217;s.<\/p>\n<p>Por suerte, con los n\u00fameros oficiales de espectadores publicados por el Tour de Francia Femenino avec Zwift podemos estar tranquilos. Todo apunta a que el a\u00f1o que viene volveremos a disfrutar de esta carrera. <strong>Tan solo la etapa final<\/strong>, donde la holandesa Annemiek van Vleuten (Movistar Team) se alz\u00f3 con la victoria en <em>La Super Blanche des Belles Filles<\/em>, fue vista por m\u00e1s de <strong>5 millones de espectadores franceses<\/strong>.<\/p>\n<p>En total, hubo m\u00e1s de 20 millones de espectadores provenientes de Francia durante los ocho d\u00edas de carrera, con <strong>un promedio por etapa de 2,25 millones<\/strong> en France 2 y France 3 -canales de televisi\u00f3n locales-, lo que gener\u00f3 una participaci\u00f3n de audiencia del 26,4 %, seg\u00fan las cifras que ha compartido la organizaci\u00f3n del Tour de Francia Femenino el pasado mi\u00e9rcoles.<\/p>\n<p>Fuera de Francia, se registr\u00f3 un alcance de <strong>14 millones de espectadores en Eurosport<\/strong> y en los Pa\u00edses Bajos. Y es que las corredoras holandesas dominaron este Tour, ganando todas menos una de las etapas que se disputaron entre el 24 y 31 de julio.<\/p>\n<p>El inter\u00e9s de los espectadores en la retransmisi\u00f3n del Tour de Francia Femenino, junto con una <strong>abrumadora asistencia a lo largo de la carretera<\/strong> y una fuerte respuesta en varias plataformas de contenido sobre el Tour, incluidas las 22 millones de visualizaciones de v\u00eddeo en plataformas oficiales y 2,8 millones de visitas al sitio web de la carrera, parecen claramente datos muy positivos. Un claro <strong>indicador del \u00e9xito del evento<\/strong>.<\/p>\n<div class=\"youtube-embed\" data-video_id=\"n0q0DeJzj8I\"><iframe title=\"Triatl\u00f3n en vena \ud83d\udc89 Nuevos horizontes para JUDITH CORACH\u00c1N\" width=\"696\" height=\"392\" src=\"https:\/\/www.youtube.com\/embed\/n0q0DeJzj8I?feature=oembed&#038;enablejsapi=1\" frameborder=\"0\" allow=\"accelerometer; autoplay; clipboard-write; encrypted-media; gyroscope; picture-in-picture; web-share\" referrerpolicy=\"strict-origin-when-cross-origin\" allowfullscreen><\/iframe><\/div>\n","protected":false},"excerpt":{"rendered":"<p>M\u00e1s de 20 millones de espectadores son los que ha acumulado el Tour de Francia Femenino durante los 8 d\u00edas de competici\u00f3n<\/p>\n","protected":false},"author":324,"featured_media":79334,"comment_status":"closed","ping_status":"closed","sticky":false,"template":"","format":"standard","meta":{"_acf_changed":false,"rank_math_lock_modified_date":false,"footnotes":""},"categories":[17],"tags":[9346],"class_list":{"0":"post-79333","1":"post","2":"type-post","3":"status-publish","4":"format-standard","5":"has-post-thumbnail","7":"category-actualidad","8":"tag-tour-de-francia-femenino"},"acf":[],"_links":{"self":[{"href":"https:\/\/miurltemporal.com/main/triatletasenred.sport.es\/wp-json\/wp\/v2\/posts\/79333"}],"collection":[{"href":"https:\/\/miurltemporal.com/main/triatletasenred.sport.es\/wp-json\/wp\/v2\/posts"}],"about":[{"href":"https:\/\/miurltemporal.com/main/triatletasenred.sport.es\/wp-json\/wp\/v2\/types\/post"}],"author":[{"embeddable":true,"href":"https:\/\/miurltemporal.com/main/triatletasenred.sport.es\/wp-json\/wp\/v2\/users\/324"}],"replies":[{"embeddable":true,"href":"https:\/\/miurltemporal.com/main/triatletasenred.sport.es\/wp-json\/wp\/v2\/comments?post=79333"}],"version-history":[{"count":2,"href":"https:\/\/miurltemporal.com/main/triatletasenred.sport.es\/wp-json\/wp\/v2\/posts\/79333\/revisions"}],"predecessor-version":[{"id":79336,"href":"https:\/\/miurltemporal.com/main/triatletasenred.sport.es\/wp-json\/wp\/v2\/posts\/79333\/revisions\/79336"}],"wp:featuredmedia":[{"embeddable":true,"href":"https:\/\/miurltemporal.com/main/triatletasenred.sport.es\/wp-json\/wp\/v2\/media\/79334"}],"wp:attachment":[{"href":"https:\/\/miurltemporal.com/main/triatletasenred.sport.es\/wp-json\/wp\/v2\/media?parent=79333"}],"wp:term":[{"taxonomy":"category","embeddable":true,"href":"https:\/\/miurltemporal.com/main/triatletasenred.sport.es\/wp-json\/wp\/v2\/categories?post=79333"},{"taxonomy":"post_tag","embeddable":true,"href":"https:\/\/miurltemporal.com/main/triatletasenred.sport.es\/wp-json\/wp\/v2\/tags?post=79333"}],"curies":[{"name":"wp","href":"https:\/\/api.w.org\/{rel}","templated":true}]}}