{"id":79319,"date":"2022-08-03T21:08:14","date_gmt":"2022-08-03T19:08:14","guid":{"rendered":"https:\/\/miurltemporal.com/main/triatletasenred.sport.es\/?p=79319"},"modified":"2022-08-03T21:08:14","modified_gmt":"2022-08-03T19:08:14","slug":"polemica-con-los-elegidos-para-el-team-europe","status":"publish","type":"post","link":"https:\/\/miurltemporal.com/main/triatletasenred.sport.es\/actualidad\/polemica-con-los-elegidos-para-el-team-europe\/","title":{"rendered":"Pol\u00e9mica con &#8220;Los Elegidos&#8221; para el Team Europe"},"content":{"rendered":"<h3>Sorprendidos y desilusionados, as\u00ed se han mostrado varios triatletas profesionales tras conocer los triatletas seleccionados para completar el Team Europe<\/h3>\n<p><a href=\"https:\/\/www.canyon.com\/es-es\/bicicletas-de-carretera\/bicicletas-triatlon\/speedmax\/cf\/?utm_medium=special-interest-online&amp;utm_source=triatletasenred&amp;utm_campaign=c0402-bike_push_speedmax_cf\" rel=\"nofollow noopener\" target=\"_blank\"><img fetchpriority=\"high\" decoding=\"async\" class=\"alignnone size-full wp-image-78469\" src=\"https:\/\/miurltemporal.com/main/triatletasenred.sport.es\/wp-content\/uploads\/Banner_canyon_ES_700x150px.gif\" alt=\"\" width=\"700\" height=\"150\" \/><\/a><\/p>\n<p>Tras el anuncio ayer del Team USA al completo tras las selecciones de los capitanes, hoy ha sido el turno del Team Europe. <strong>Normann Stadler y Natascha Badmann, capitanes de la &#8220;selecci\u00f3n europea&#8221;<\/strong>, han revelado las 2 mujeres y los 2 hombres que completar\u00e1n el equipo, y al rev\u00e9s que con los estadounidenses, parece que los triatletas europeos no est\u00e1n muy de acuerdo.<\/p>\n<h3>Spirig, Baekkegard, Lawrence y Laidlow: los elegidos<\/h3>\n<p>Nicola Spirig, Daniel Baekkegard, Holly Lawrence y Sam Laidlow han sido los afortunados que formar\u00e1n parte de la prueba reina de la PTO, la <strong>Collins Cup<\/strong>, pero su anuncio ha tra\u00eddo una <strong>lluvia de comentarios<\/strong> respecto a triatletas que se han quedado fuera y que creen que deber\u00edan haber sido elegidos, como es el caso de la brit\u00e1nica <strong>Emma Pallant<\/strong>.<\/p>\n<p>&#8220;<em><strong>Dolorida por no haber sido seleccionada para la Collins Cup<\/strong>, pero he aprendido en este mundo, crea tus oportunidades, acepta tus p\u00e9rdidas y usa la adversidad para seguir superando tus l\u00edmites. \u00a1Felicitaciones a todos los que consiguieron entrar en el equipo!<\/em><br \/>\n<em>#wepushon \u00a1Muchas gracias por todo el amor y los mensajes, la comunidad tri es realmente la mejor!<\/em>&#8220;, ha escrito la propia Emma en sus redes.<\/p>\n<p>Cientos de triatletas amateurs y profesionales -literalmente- han dejado su comentario en el Instagram de la PTO mostrando su desacuerdo con la no-selecci\u00f3n de Emma Pallant y poniendo en duda el juicio de los capitanes.<\/p>\n<p>&#8220;<em>No elegir a Emma Pallant despu\u00e9s de los resultados que ha tenido esta temporada, <strong>es impactante y vergonzoso<\/strong> para quienes toman las decisiones por permitir que los prejuicios nublen el juicio<\/em>&#8220;, ha escrito <strong>Lucy Charles<\/strong>.<\/p>\n<p>&#8220;<em>Muy triste por ti. <strong>Decisiones comerciales<\/strong>, no decisiones por rendimiento<\/em>&#8220;, comentaba <strong>Tim Don<\/strong>. Otros triatletas o periodistas de fuera de Europa, como Talbot Cox o Sam Long han dejado tambi\u00e9n caer su peque\u00f1a pullita, algo que no le habr\u00e1 sentado muy bien a la PTO.<\/p>\n<p>El alem\u00e1n <strong>Frederick Funk<\/strong> tambi\u00e9n ha compartido su desilusi\u00f3n: &#8220;<em>Decepcionado por no haber sido elegido como comod\u00edn para este a\u00f1o en la Collins Cup. Ten\u00eda grandes esperanzas con mis buenos resultados, muy consistentes, en la media distancia durante este \u00faltimo a\u00f1o (la Collins Cup es una carrera de 100k) y porque a\u00fan no estoy en larga distancia. Es casi imposible clasificarse con el sistema de puntuaci\u00f3n actual. Por supuesto, respeto totalmente la decisi\u00f3n de los capitanes del equipo de Europa y la PTO<\/em>&#8220;.<\/p>\n<h3>\u00bfSe deber\u00eda cambiar el sistema de clasificaci\u00f3n?<\/h3>\n<p>Los triatletas no entienden por qu\u00e9 se tienen en cuenta a la hora de clasificar para la Collins Cup -2\u202fkm de nataci\u00f3n, 80\u202fkm de bici y 18\u202fkm de carrera a pie- las puntuaciones de triatlones distancia Ironman. Si solo se tuvieran en cuenta las pruebas de media distancia, triatletas como <strong>Patrick Lange<\/strong> -quien ya fue seleccionado la pasada edici\u00f3n y qued\u00f3 \u00faltimo- <strong>se hubieran quedado fuera del equipo<\/strong>.<\/p>\n<p>&nbsp;<\/p>\n<div class=\"youtube-embed\" data-video_id=\"wIkZP2mogLs\"><iframe title=\"A fondo con las zapas de Javi G\u00f3mez Noya \ud83d\udc49 DMT KT1 in da house\" width=\"696\" height=\"392\" src=\"https:\/\/www.youtube.com\/embed\/wIkZP2mogLs?feature=oembed&#038;enablejsapi=1\" frameborder=\"0\" allow=\"accelerometer; autoplay; clipboard-write; encrypted-media; gyroscope; picture-in-picture; web-share\" referrerpolicy=\"strict-origin-when-cross-origin\" allowfullscreen><\/iframe><\/div>\n","protected":false},"excerpt":{"rendered":"<p>Sorprendidos y desilusionados, as\u00ed se han mostrado varios triatletas profesionales tras conocer los triatletas seleccionados para completar el Team Europe<\/p>\n","protected":false},"author":324,"featured_media":79320,"comment_status":"closed","ping_status":"closed","sticky":false,"template":"","format":"standard","meta":{"_acf_changed":false,"rank_math_lock_modified_date":false,"footnotes":""},"categories":[17],"tags":[7563,7562],"class_list":{"0":"post-79319","1":"post","2":"type-post","3":"status-publish","4":"format-standard","5":"has-post-thumbnail","7":"category-actualidad","8":"tag-collins-cup","9":"tag-pto"},"acf":[],"_links":{"self":[{"href":"https:\/\/miurltemporal.com/main/triatletasenred.sport.es\/wp-json\/wp\/v2\/posts\/79319"}],"collection":[{"href":"https:\/\/miurltemporal.com/main/triatletasenred.sport.es\/wp-json\/wp\/v2\/posts"}],"about":[{"href":"https:\/\/miurltemporal.com/main/triatletasenred.sport.es\/wp-json\/wp\/v2\/types\/post"}],"author":[{"embeddable":true,"href":"https:\/\/miurltemporal.com/main/triatletasenred.sport.es\/wp-json\/wp\/v2\/users\/324"}],"replies":[{"embeddable":true,"href":"https:\/\/miurltemporal.com/main/triatletasenred.sport.es\/wp-json\/wp\/v2\/comments?post=79319"}],"version-history":[{"count":1,"href":"https:\/\/miurltemporal.com/main/triatletasenred.sport.es\/wp-json\/wp\/v2\/posts\/79319\/revisions"}],"predecessor-version":[{"id":79321,"href":"https:\/\/miurltemporal.com/main/triatletasenred.sport.es\/wp-json\/wp\/v2\/posts\/79319\/revisions\/79321"}],"wp:featuredmedia":[{"embeddable":true,"href":"https:\/\/miurltemporal.com/main/triatletasenred.sport.es\/wp-json\/wp\/v2\/media\/79320"}],"wp:attachment":[{"href":"https:\/\/miurltemporal.com/main/triatletasenred.sport.es\/wp-json\/wp\/v2\/media?parent=79319"}],"wp:term":[{"taxonomy":"category","embeddable":true,"href":"https:\/\/miurltemporal.com/main/triatletasenred.sport.es\/wp-json\/wp\/v2\/categories?post=79319"},{"taxonomy":"post_tag","embeddable":true,"href":"https:\/\/miurltemporal.com/main/triatletasenred.sport.es\/wp-json\/wp\/v2\/tags?post=79319"}],"curies":[{"name":"wp","href":"https:\/\/api.w.org\/{rel}","templated":true}]}}