{"id":79282,"date":"2022-08-01T17:36:05","date_gmt":"2022-08-01T15:36:05","guid":{"rendered":"https:\/\/miurltemporal.com/main/triatletasenred.sport.es\/?p=79282"},"modified":"2022-08-01T17:43:25","modified_gmt":"2022-08-01T15:43:25","slug":"asi-es-un-fin-de-semana-en-la-oficina-para-cameron-wurf","status":"publish","type":"post","link":"https:\/\/miurltemporal.com/main/triatletasenred.sport.es\/actualidad\/asi-es-un-fin-de-semana-en-la-oficina-para-cameron-wurf\/","title":{"rendered":"As\u00ed es un fin de semana en la oficina para Cameron Wurf"},"content":{"rendered":"<h3>En plena preparaci\u00f3n de Kona, el australiano Cameron Wurf no deja de hacer salvajadas para poder compaginar el ciclismo y triatl\u00f3n profesional<\/h3>\n<p><a href=\"https:\/\/www.canyon.com\/es-es\/bicicletas-de-carretera\/bicicletas-triatlon\/speedmax\/cf\/?utm_medium=special-interest-online&amp;utm_source=triatletasenred&amp;utm_campaign=c0402-bike_push_speedmax_cf\" rel=\"nofollow noopener\" target=\"_blank\"><img fetchpriority=\"high\" decoding=\"async\" class=\"alignnone size-full wp-image-78469\" src=\"https:\/\/miurltemporal.com/main/triatletasenred.sport.es\/wp-content\/uploads\/Banner_canyon_ES_700x150px.gif\" alt=\"\" width=\"700\" height=\"150\" \/><\/a><\/p>\n<p>Estar\u00edamos hablando de una locura si nos referimos cualquier ciclista o triatleta, pero \u00e9l no es cualquier, es <strong>Cameron Wurf<\/strong>, y lo de este fin de semana no es m\u00e1s que &#8220;el d\u00eda a d\u00eda&#8221; de su ajetreada vida.<\/p>\n<p>A veces, cuesta entender como puede estar dando tumbos por ah\u00ed, compitiendo en el m\u00e1ximo nivel del ciclismo, en uno de los equipos m\u00e1s potentes del mundo, y luego aparecer \u201ccomo si nada\u201d en el <strong>IRONMAN Vitoria<\/strong> y acabar segundo. Cualquier mortal no saldr\u00eda del sof\u00e1 en un par de d\u00edas despu\u00e9s de cualquier salida en bici suya, y menos tras una carrera, pero a Wurf estas palizas no le impiden salir a nadar y a correr para poder compaginar ambos deportes.<\/p>\n<h3>Jornada laboral de un ciclista y triatleta profesional<\/h3>\n<p>Menos de dos semanas despu\u00e9s de IM Vitoria, Wurf corri\u00f3 el <strong>Tour de Valonia<\/strong>, una vuelta de 5 etapas donde se le pudo ver en la fuga en varias de ellas, tres d\u00edas despu\u00e9s, este domingo, se colg\u00f3 otro dorsal en la <strong>Cl\u00e1sica San Sebasti\u00e1n<\/strong>. Todo esto, y lo que le queda, en pleno<strong> <em>Road To Kona<\/em><\/strong>.<\/p>\n<p>El s\u00e1bado, d\u00eda de recuperaci\u00f3n\/ activaci\u00f3n, comenz\u00f3 con una peque\u00f1a salida en bici -1h40min- por San Sebasti\u00e1n junto a los compa\u00f1eros del <strong>Ineos Grenadiers<\/strong>. Mientras los compa\u00f1eros volv\u00edan al hotel, el del Ineos decidi\u00f3 meterse a nadar en la Playa de la Concha para refrescarse &#8211; 43 minutos de nataci\u00f3n para completar 2400 metros a 1:47 min\/100.<\/p>\n<p>El domingo, aunque se retir\u00f3 a falta de 10 kil\u00f3metros -recordar que el trabajo de Wurf en el Ineos no es ganar carreras-, el australiano recorri\u00f3 <strong>210 kil\u00f3metros trabajando para el equipo<\/strong> en la Cl\u00e1sica San Sebasti\u00e1n, con m\u00e1s de 3500 metros de desnivel, a 36,6 km\/h. Lo que viene a ser casi 6 horas de competici\u00f3n.<\/p>\n<p>Tras la carrera y para acabar la jornada laboral, Wurf sali\u00f3 a rodar por el paseo mar\u00edtimo 8,5 kil\u00f3metros a 4 min\/km.<\/p>\n<p>Desde luego, no hay ning\u00fan otro triatleta profesional con un sistema de entrenamientos parecido a este. Muy lejos de id\u00f3neo, incluso para \u00e9l -dicho por el mismo. Aun as\u00ed, le sirve para poder intentar ganar cada IRONMAN en el que toma la salida. Pero, <strong>por favor, no intenten esto en casa.<\/strong><\/p>\n<div class=\"youtube-embed\" data-video_id=\"qtq0xq0T6pA\"><iframe title=\"&quot;El IRONMAN de Kona dejar\u00e1 muchas sorpresas&quot; \ud83d\ude40 NICK KASTELEIN al aparato\" width=\"696\" height=\"392\" src=\"https:\/\/www.youtube.com\/embed\/qtq0xq0T6pA?feature=oembed&#038;enablejsapi=1\" frameborder=\"0\" allow=\"accelerometer; autoplay; clipboard-write; encrypted-media; gyroscope; picture-in-picture; web-share\" referrerpolicy=\"strict-origin-when-cross-origin\" allowfullscreen><\/iframe><\/div>\n","protected":false},"excerpt":{"rendered":"<p>En plena preparaci\u00f3n de Kona, el australiano Cameron Wurf no deja de hacer salvajadas para poder compaginar el ciclismo y triatl\u00f3n profesional<\/p>\n","protected":false},"author":324,"featured_media":79281,"comment_status":"closed","ping_status":"closed","sticky":false,"template":"","format":"standard","meta":{"_acf_changed":false,"rank_math_lock_modified_date":false,"footnotes":""},"categories":[17],"tags":[6184,9342],"class_list":{"0":"post-79282","1":"post","2":"type-post","3":"status-publish","4":"format-standard","5":"has-post-thumbnail","7":"category-actualidad","8":"tag-cameron-wurf","9":"tag-clasica-san-sebastian"},"acf":[],"_links":{"self":[{"href":"https:\/\/miurltemporal.com/main/triatletasenred.sport.es\/wp-json\/wp\/v2\/posts\/79282"}],"collection":[{"href":"https:\/\/miurltemporal.com/main/triatletasenred.sport.es\/wp-json\/wp\/v2\/posts"}],"about":[{"href":"https:\/\/miurltemporal.com/main/triatletasenred.sport.es\/wp-json\/wp\/v2\/types\/post"}],"author":[{"embeddable":true,"href":"https:\/\/miurltemporal.com/main/triatletasenred.sport.es\/wp-json\/wp\/v2\/users\/324"}],"replies":[{"embeddable":true,"href":"https:\/\/miurltemporal.com/main/triatletasenred.sport.es\/wp-json\/wp\/v2\/comments?post=79282"}],"version-history":[{"count":6,"href":"https:\/\/miurltemporal.com/main/triatletasenred.sport.es\/wp-json\/wp\/v2\/posts\/79282\/revisions"}],"predecessor-version":[{"id":79288,"href":"https:\/\/miurltemporal.com/main/triatletasenred.sport.es\/wp-json\/wp\/v2\/posts\/79282\/revisions\/79288"}],"wp:featuredmedia":[{"embeddable":true,"href":"https:\/\/miurltemporal.com/main/triatletasenred.sport.es\/wp-json\/wp\/v2\/media\/79281"}],"wp:attachment":[{"href":"https:\/\/miurltemporal.com/main/triatletasenred.sport.es\/wp-json\/wp\/v2\/media?parent=79282"}],"wp:term":[{"taxonomy":"category","embeddable":true,"href":"https:\/\/miurltemporal.com/main/triatletasenred.sport.es\/wp-json\/wp\/v2\/categories?post=79282"},{"taxonomy":"post_tag","embeddable":true,"href":"https:\/\/miurltemporal.com/main/triatletasenred.sport.es\/wp-json\/wp\/v2\/tags?post=79282"}],"curies":[{"name":"wp","href":"https:\/\/api.w.org\/{rel}","templated":true}]}}