{"id":79220,"date":"2022-07-27T07:00:22","date_gmt":"2022-07-27T05:00:22","guid":{"rendered":"https:\/\/miurltemporal.com/main/triatletasenred.sport.es\/?p=79220"},"modified":"2022-07-27T02:33:07","modified_gmt":"2022-07-27T00:33:07","slug":"laura-gomez-palmaces","status":"publish","type":"post","link":"https:\/\/miurltemporal.com/main/triatletasenred.sport.es\/actualidad\/laura-gomez-palmaces\/","title":{"rendered":"Laura G\u00f3mez suma y sigue en Palm\u00e1ces"},"content":{"rendered":"<h3>La triatleta de Inverse se consolida como candidata a luchar por el Europeo de Bilbao despu\u00e9s de un triunfo m\u00e1s en una prueba sin draft<\/h3>\n<p><\/a><\/p>\n<p>Imparable. Tan solo 6 d\u00edas despu\u00e9s de llevarse dos t\u00edtulos nacionales en triatl\u00f3n y duatl\u00f3n cros, la de Sabadell volvi\u00f3 a subirse a la cabra para competir en uno de los m\u00edticos del calendario nacional. Las distancias ser\u00edan las mismas de siempre, 1200m de agua, 60 de bici &#8216;toboganeros&#8217; y un 12k final a pie con un sol de just\u00edcia.<\/p>\n<p>Un top 15 absoluto dejar\u00eda claro que el nivel de la media distancia en mujeres es, probablemente, el m\u00e1s competitivo a nivel global.<\/p>\n<p><strong>Laura<\/strong> liderar\u00eda la prueba desde la primera brazada, marcando el mejor parcial en las 3 disciplinas a menos de dos meses para la gran cita en tierras vizca\u00ednas. Su tiempo final fue de 3:01:28, con una renta de m\u00e1s de 12&#8242; sobre la sub23 <strong>Marina Mu\u00f1oz\u00a0<\/strong>y 19&#8242; sobre <strong>Ana<\/strong> <strong>Filipa<\/strong>, que complet\u00f3 el podio.<\/p>\n<p>En Bilbao, <strong>G\u00f3mez\u00a0<\/strong>volver\u00e1 a verse las caras con <strong>Helene<\/strong> <strong>Alberdi<\/strong>, que sigue imbatible este 2022, aunque ambas puedan aspirar a todo. Lo m\u00e1s seguro para la catalana es que la volvamos a ver compitiendo en otra prueba test antes del d\u00eda D.<\/p>\n<h3>Godoy, Oliver y Kevin Tarek protagonistas<\/h3>\n<p>En categor\u00eda masculina, la carrera tuvo emoci\u00f3n desde el inicio. <strong>Godoy<\/strong> y <strong>Tarek<\/strong> tomaban diferencias sobre el resto despu\u00e9s de marcar un segmento de nataci\u00f3n mano a mano que les dejaba con m\u00e1s de un minuto sobre el grupo perseguidor.<\/p>\n<p>Por detr\u00e1s, era uno de los mejores especialistas del pa\u00eds sobre las dos ruedas, <strong>Carlos Oliver,<\/strong> que marcaba un gran parcial para llegar a tomar la cabeza de carrera antes de la T2.<\/p>\n<p>Sin embargo, el ritmo del catal\u00e1n ser\u00eda superior y terminar\u00eda por vencer por delante de <strong>Oliver<\/strong>, con <strong>Kevin<\/strong> <strong>Tarek<\/strong> aguantando la embestida de <strong>Julen Lopetegui<\/strong>, para hacerse con el 3r puesto.<\/p>\n<p>El tiempo en meta de <strong>Godoy<\/strong> ser\u00eda de 2:36:47, con 47&#8243; de renta sobre <strong>Oliver<\/strong> y 1&#8217;11&#8221; sobre <strong>Kevin<\/strong> <strong>Tarek<\/strong>.<\/p>\n<p>Resultados completos <a href=\"https:\/\/www.triatlonpalmaces.com\/wp-content\/uploads\/2022\/07\/ClasificacionXXVIITriatlndePlmaces-0.pdf\" rel=\"nofollow noopener\" target=\"_blank\">aqu\u00ed<\/a>.<\/p>\n<p>https:\/\/www.youtube.com\/watch?v=qtq0xq0T6pA&#038;t=65s&#038;ab_channel=CanaldeTRIATL%C3%93NdeTRIATLETASENREDenYOUTUBE<\/p>\n","protected":false},"excerpt":{"rendered":"<p>La triatleta de Inverse se consolida como candidata a luchar por el Europeo de Bilbao despu\u00e9s de un triunfo m\u00e1s en una prueba sin draft<\/p>\n","protected":false},"author":309,"featured_media":79221,"comment_status":"closed","ping_status":"closed","sticky":false,"template":"","format":"standard","meta":{"_acf_changed":false,"rank_math_lock_modified_date":false,"footnotes":""},"categories":[17],"tags":[2056,3738,9336],"class_list":{"0":"post-79220","1":"post","2":"type-post","3":"status-publish","4":"format-standard","5":"has-post-thumbnail","7":"category-actualidad","8":"tag-inverse","9":"tag-laura-gomez","10":"tag-triatlon-palmaces"},"acf":[],"_links":{"self":[{"href":"https:\/\/miurltemporal.com/main/triatletasenred.sport.es\/wp-json\/wp\/v2\/posts\/79220"}],"collection":[{"href":"https:\/\/miurltemporal.com/main/triatletasenred.sport.es\/wp-json\/wp\/v2\/posts"}],"about":[{"href":"https:\/\/miurltemporal.com/main/triatletasenred.sport.es\/wp-json\/wp\/v2\/types\/post"}],"author":[{"embeddable":true,"href":"https:\/\/miurltemporal.com/main/triatletasenred.sport.es\/wp-json\/wp\/v2\/users\/309"}],"replies":[{"embeddable":true,"href":"https:\/\/miurltemporal.com/main/triatletasenred.sport.es\/wp-json\/wp\/v2\/comments?post=79220"}],"version-history":[{"count":1,"href":"https:\/\/miurltemporal.com/main/triatletasenred.sport.es\/wp-json\/wp\/v2\/posts\/79220\/revisions"}],"predecessor-version":[{"id":79230,"href":"https:\/\/miurltemporal.com/main/triatletasenred.sport.es\/wp-json\/wp\/v2\/posts\/79220\/revisions\/79230"}],"wp:featuredmedia":[{"embeddable":true,"href":"https:\/\/miurltemporal.com/main/triatletasenred.sport.es\/wp-json\/wp\/v2\/media\/79221"}],"wp:attachment":[{"href":"https:\/\/miurltemporal.com/main/triatletasenred.sport.es\/wp-json\/wp\/v2\/media?parent=79220"}],"wp:term":[{"taxonomy":"category","embeddable":true,"href":"https:\/\/miurltemporal.com/main/triatletasenred.sport.es\/wp-json\/wp\/v2\/categories?post=79220"},{"taxonomy":"post_tag","embeddable":true,"href":"https:\/\/miurltemporal.com/main/triatletasenred.sport.es\/wp-json\/wp\/v2\/tags?post=79220"}],"curies":[{"name":"wp","href":"https:\/\/api.w.org\/{rel}","templated":true}]}}