{"id":79030,"date":"2022-07-07T20:01:18","date_gmt":"2022-07-07T18:01:18","guid":{"rendered":"https:\/\/miurltemporal.com/main/triatletasenred.sport.es\/?p=79030"},"modified":"2022-07-07T20:01:18","modified_gmt":"2022-07-07T18:01:18","slug":"aguayo-y-arroyo-nuestros-favoritos-para-el-podio-de-ironman-vitoria","status":"publish","type":"post","link":"https:\/\/miurltemporal.com/main/triatletasenred.sport.es\/actualidad\/aguayo-y-arroyo-nuestros-favoritos-para-el-podio-de-ironman-vitoria\/","title":{"rendered":"Aguayo y Arroyo, nuestros favoritos para el podio de IRONMAN Vitoria"},"content":{"rendered":"<h3>Emilio Aguayo y V\u00edctor Arroyo, nuestros m\u00e1ximos favoritos para un IRONMAN Vitoria con un cartel PRO nunca visto.<\/h3>\n<p><a href=\"https:\/\/www.canyon.com\/es-es\/bicicletas-de-carretera\/bicicletas-triatlon\/speedmax\/cf\/?utm_medium=special-interest-online&amp;utm_source=triatletasenred&amp;utm_campaign=c0402-bike_push_speedmax_cf\" rel=\"nofollow noopener\" target=\"_blank\"><img fetchpriority=\"high\" decoding=\"async\" class=\"alignnone size-full wp-image-78469\" src=\"https:\/\/miurltemporal.com/main/triatletasenred.sport.es\/wp-content\/uploads\/Banner_canyon_ES_700x150px.gif\" alt=\"\" width=\"700\" height=\"150\" \/><\/a><\/p>\n<p>La capital alavesa se prepara para acoger este fin de semana el <strong>IRONMAN Vitoria<\/strong>. Una prueba con mucha historia dentro del triatl\u00f3n espa\u00f1ol, pero que tan solo lleva 2 ediciones unida a la palabra &#8220;IRONMAN&#8221;.<\/p>\n<p><strong>M\u00e1s de 2200 triatletas<\/strong>\u00a0tomar\u00e1n la salida desde el lago Ulibarri-Gamboa, en la localidad de Landa, este domingo 10 julio. Entre ellos, <strong>41 triatletas profesionales <\/strong>de todas las partes del mundo.<\/p>\n<h3>Favoritos<\/h3>\n<p><strong>Patrick Nilsson, Leon Chevalier, Cameron Wurf, Nick Kastelein o Arnaud Guilloux<\/strong>, son algunos de los muchos favoritos, pero no lo tendr\u00e1n f\u00e1cil.<strong> Emilio Aguayo o V\u00edctor Arroyo<\/strong>, son dos de los espa\u00f1oles con posibilidades de colarse tambi\u00e9n en el podio, y llevarse uno de los dos <em>slots<\/em> para Haw\u00e1i.<\/p>\n<p>No tendremos la suerte de ver competir al vigente campe\u00f3n y natural de la zona, <strong>Eneko Llanos<\/strong>, pero s\u00ed que estar\u00e1 el australiano <strong>Josh Amberger<\/strong>, quien finaliz\u00f3 2\u00ba en la \u00faltima edici\u00f3n, y <strong>Peru Alfaro<\/strong>, quien tambi\u00e9n se col\u00f3 en el podio en el IM Vitoria 2019 -el primer y \u00faltimo a\u00f1o que ha habido carrera para profesionales.<\/p>\n<p>Otros espa\u00f1oles que tambi\u00e9n participar\u00e1n bajo licencia PRO son Vicenc Castell\u00e1, Eneko Elosegui, Adrian Lainez, Adur Eskisabel, Axel Beci, Gotzon Gondra y Ander Irigoyen.<\/p>\n<p>Como ocurre en algunas pruebas de IRONMAN, en profesionales <strong>solo tendremos categor\u00eda masculina<\/strong>. Esto depende del n\u00famero de <em>slots<\/em> que necesite entregar IRONMAN antes del pr\u00f3ximo Campeonato del Mundo. Algunas pruebas son exclusivas para chicas PRO, y otras para chicos PRO.<\/p>\n<h3>Cu\u00e1ndo y c\u00f3mo ver IRONMAN Vitoria en directo<\/h3>\n<p>La carrera PRO comenzar\u00e1 el <strong>domingo 10 de julio a las 8:20 (CEST)<\/strong>, y 10 minutos m\u00e1s tarde, comenzar\u00e1n a salir por oleadas los GGEE. Se podr\u00e1 ver el triatl\u00f3n completo en directo a trav\u00e9s de <strong><a href=\"https:\/\/www.facebook.com\/events\/725662615317229?acontext=%7B%22event_action_history%22%3A[%7B%22surface%22%3A%22page%22%7D]%7D\" rel=\"nofollow noopener\" target=\"_blank\">IRONMAN Now en Facebook<\/a><\/strong>, o seguir los tiempo en directo a trav\u00e9s de la app <strong><a href=\"https:\/\/www.ironman.com\/app-tracking-information\" rel=\"nofollow noopener\" target=\"_blank\">IRONMAN Tracker.<\/a><\/strong><\/p>\n<div class=\"youtube-embed\" data-video_id=\"yoODdkVVmw4\"><iframe title=\"VI HALF GASTEIZ  2022, nuestro resumen RANDOM\" width=\"696\" height=\"392\" src=\"https:\/\/www.youtube.com\/embed\/yoODdkVVmw4?feature=oembed&#038;enablejsapi=1\" frameborder=\"0\" allow=\"accelerometer; autoplay; clipboard-write; encrypted-media; gyroscope; picture-in-picture\" allowfullscreen><\/iframe><\/div>\n","protected":false},"excerpt":{"rendered":"<p>Emilio Aguayo y V\u00edctor Arroyo, nuestros m\u00e1ximos favoritos para un IRONMAN Vitoria con un cartel PRO nunca visto.<\/p>\n","protected":false},"author":324,"featured_media":79031,"comment_status":"closed","ping_status":"closed","sticky":false,"template":"","format":"standard","meta":{"_acf_changed":false,"rank_math_lock_modified_date":false,"footnotes":""},"categories":[17],"tags":[6273],"class_list":{"0":"post-79030","1":"post","2":"type-post","3":"status-publish","4":"format-standard","5":"has-post-thumbnail","7":"category-actualidad","8":"tag-ironman-vitoria"},"acf":[],"_links":{"self":[{"href":"https:\/\/miurltemporal.com/main/triatletasenred.sport.es\/wp-json\/wp\/v2\/posts\/79030"}],"collection":[{"href":"https:\/\/miurltemporal.com/main/triatletasenred.sport.es\/wp-json\/wp\/v2\/posts"}],"about":[{"href":"https:\/\/miurltemporal.com/main/triatletasenred.sport.es\/wp-json\/wp\/v2\/types\/post"}],"author":[{"embeddable":true,"href":"https:\/\/miurltemporal.com/main/triatletasenred.sport.es\/wp-json\/wp\/v2\/users\/324"}],"replies":[{"embeddable":true,"href":"https:\/\/miurltemporal.com/main/triatletasenred.sport.es\/wp-json\/wp\/v2\/comments?post=79030"}],"version-history":[{"count":3,"href":"https:\/\/miurltemporal.com/main/triatletasenred.sport.es\/wp-json\/wp\/v2\/posts\/79030\/revisions"}],"predecessor-version":[{"id":79034,"href":"https:\/\/miurltemporal.com/main/triatletasenred.sport.es\/wp-json\/wp\/v2\/posts\/79030\/revisions\/79034"}],"wp:featuredmedia":[{"embeddable":true,"href":"https:\/\/miurltemporal.com/main/triatletasenred.sport.es\/wp-json\/wp\/v2\/media\/79031"}],"wp:attachment":[{"href":"https:\/\/miurltemporal.com/main/triatletasenred.sport.es\/wp-json\/wp\/v2\/media?parent=79030"}],"wp:term":[{"taxonomy":"category","embeddable":true,"href":"https:\/\/miurltemporal.com/main/triatletasenred.sport.es\/wp-json\/wp\/v2\/categories?post=79030"},{"taxonomy":"post_tag","embeddable":true,"href":"https:\/\/miurltemporal.com/main/triatletasenred.sport.es\/wp-json\/wp\/v2\/tags?post=79030"}],"curies":[{"name":"wp","href":"https:\/\/api.w.org\/{rel}","templated":true}]}}