{"id":78949,"date":"2022-07-01T18:49:16","date_gmt":"2022-07-01T16:49:16","guid":{"rendered":"https:\/\/miurltemporal.com/main/triatletasenred.sport.es\/?p=78949"},"modified":"2022-07-01T18:57:19","modified_gmt":"2022-07-01T16:57:19","slug":"frodeno-me-encanta-que-lange-este-compitiendo-porque-quiero-ganarle","status":"publish","type":"post","link":"https:\/\/miurltemporal.com/main/triatletasenred.sport.es\/actualidad\/frodeno-me-encanta-que-lange-este-compitiendo-porque-quiero-ganarle\/","title":{"rendered":"Frodeno: &#8220;Me encanta que Lange est\u00e9 compitiendo, porque quiero ganarle&#8221;"},"content":{"rendered":"<h3>El triatleta de Canyon, Jan Frodeno, ha sido realista durante la rueda de prensa respecto a sus opciones en el Challenge Roth tras su lesi\u00f3n.<\/h3>\n<p><a href=\"https:\/\/www.canyon.com\/es-es\/bicicletas-de-carretera\/bicicletas-triatlon\/speedmax\/cf\/?utm_medium=special-interest-online&amp;utm_source=triatletasenred&amp;utm_campaign=c0402-bike_push_speedmax_cf\" rel=\"nofollow noopener\" target=\"_blank\"><img fetchpriority=\"high\" decoding=\"async\" class=\"alignnone size-full wp-image-78469\" src=\"https:\/\/miurltemporal.com/main/triatletasenred.sport.es\/wp-content\/uploads\/Banner_canyon_ES_700x150px.gif\" alt=\"\" width=\"700\" height=\"150\" \/><\/a><\/p>\n<p>Aunque el espect\u00e1culo de <strong>Challenge Roth<\/strong> es el domingo, el show ya comenz\u00f3 el jueves con la <a href=\"https:\/\/www.youtube.com\/watch?v=MU9_8GKkay4\" target=\"_blank\" rel=\"noopener nofollow\">rueda de prensa<\/a>. <strong>Frodeno, Haug, Ditlev, Langridge, Long, Lange o Siddall<\/strong>, todos los favoritos estaban all\u00ed, y alguna pullita entre ellos hubo.<\/p>\n<h3>&#8220;Nunca tengo miedo a nada en una competici\u00f3n, ni si quiera a fallar&#8221;<\/h3>\n<p>A causa de su reciente lesi\u00f3n en el tend\u00f3n de Aquiles, <strong>Frodeno<\/strong> no ha podido competir en todo lo que llevamos de temporada, aun as\u00ed, \u00e9l est\u00e1 muy contento de poder volver a correr en Roth y comenzar su camino a Kona, pero, tambi\u00e9n <strong>es realista<\/strong>: &#8220;<em>Nunca tengo miedo a nada en una competici\u00f3n, ni si quiera a fallar, pero tengo que tener ser realista. He perdido tres meses debido a una lesi\u00f3n, as\u00ed que para m\u00ed es una situaci\u00f3n muy extra\u00f1a, tengo que dejar de lado mi perfeccionismo. Pero <strong>era m\u00e1s f\u00e1cil hacer esto que quedarse en casa<\/strong> y por eso estoy deseando que llegue el domingo<\/em>.<\/p>\n<p><em>\u201c<strong>Siempre doy lo mejor de m\u00ed y no quiero que sea diferente aqu\u00ed.<\/strong> No soy el atleta joven que sol\u00eda ser, y tengo que escuchar lo que me dice mi cuerpo&#8221;.<\/em><\/p>\n<p>Jan ha tenido tambi\u00e9n unas palabras para su compa\u00f1ero en Canyon y vencedor de esta misma prueba en la \u00faltima edici\u00f3n, <strong>Patrick Lange<\/strong>: &#8220;<em>Realmente <strong>me encanta que Lange est\u00e9 compitiendo, porque quiero ganarle<\/strong>. Este es el mayor cumplido que puedo dar<\/em>&#8220;.\u00a0 A pesar de su falta de kil\u00f3metros en la carrera a pie y no ser ya tan joven, el alem\u00e1n ha dejado claras sus intenciones. El domingo sabremos si Frodo&#8217; consigue mantener la racha de victorias que comenz\u00f3 hace 4 a\u00f1os.<\/p>\n<p>Si quer\u00e9is saber m\u00e1s sobre los <strong>participantes<\/strong> y <strong>c\u00f3mo seguir<\/strong> el domingo el <strong>Challenge Roth<\/strong>, ten\u00e9is todo explicado en el siguiente <a href=\"https:\/\/miurltemporal.com/main/triatletasenred.sport.es\/actualidad\/como-seguir-a-frodeno-y-corachan-en-el-mundial-tapado-de-roth\/\">enlace<\/a>.<\/p>\n<div class=\"youtube-embed\" data-video_id=\"mif_l5CzFSE\"><iframe title=\"Nos tomamos un caf\u00e9 \u2615\ufe0f con JAN FRODENO en La Comuna\" width=\"696\" height=\"392\" src=\"https:\/\/www.youtube.com\/embed\/mif_l5CzFSE?feature=oembed&#038;enablejsapi=1\" frameborder=\"0\" allow=\"accelerometer; autoplay; clipboard-write; encrypted-media; gyroscope; picture-in-picture\" allowfullscreen><\/iframe><\/div>\n","protected":false},"excerpt":{"rendered":"<p>El triatleta de Canyon, Jan Frodeno, ha sido realista durante la rueda de prensa respecto a sus opciones en el Challenge Roth tras su lesi\u00f3n.<\/p>\n","protected":false},"author":324,"featured_media":78950,"comment_status":"closed","ping_status":"closed","sticky":false,"template":"","format":"standard","meta":{"_acf_changed":false,"rank_math_lock_modified_date":false,"footnotes":""},"categories":[17],"tags":[2834,1936],"class_list":{"0":"post-78949","1":"post","2":"type-post","3":"status-publish","4":"format-standard","5":"has-post-thumbnail","7":"category-actualidad","8":"tag-challenge-roth","9":"tag-jan-frodeno"},"acf":[],"_links":{"self":[{"href":"https:\/\/miurltemporal.com/main/triatletasenred.sport.es\/wp-json\/wp\/v2\/posts\/78949"}],"collection":[{"href":"https:\/\/miurltemporal.com/main/triatletasenred.sport.es\/wp-json\/wp\/v2\/posts"}],"about":[{"href":"https:\/\/miurltemporal.com/main/triatletasenred.sport.es\/wp-json\/wp\/v2\/types\/post"}],"author":[{"embeddable":true,"href":"https:\/\/miurltemporal.com/main/triatletasenred.sport.es\/wp-json\/wp\/v2\/users\/324"}],"replies":[{"embeddable":true,"href":"https:\/\/miurltemporal.com/main/triatletasenred.sport.es\/wp-json\/wp\/v2\/comments?post=78949"}],"version-history":[{"count":5,"href":"https:\/\/miurltemporal.com/main/triatletasenred.sport.es\/wp-json\/wp\/v2\/posts\/78949\/revisions"}],"predecessor-version":[{"id":78955,"href":"https:\/\/miurltemporal.com/main/triatletasenred.sport.es\/wp-json\/wp\/v2\/posts\/78949\/revisions\/78955"}],"wp:featuredmedia":[{"embeddable":true,"href":"https:\/\/miurltemporal.com/main/triatletasenred.sport.es\/wp-json\/wp\/v2\/media\/78950"}],"wp:attachment":[{"href":"https:\/\/miurltemporal.com/main/triatletasenred.sport.es\/wp-json\/wp\/v2\/media?parent=78949"}],"wp:term":[{"taxonomy":"category","embeddable":true,"href":"https:\/\/miurltemporal.com/main/triatletasenred.sport.es\/wp-json\/wp\/v2\/categories?post=78949"},{"taxonomy":"post_tag","embeddable":true,"href":"https:\/\/miurltemporal.com/main/triatletasenred.sport.es\/wp-json\/wp\/v2\/tags?post=78949"}],"curies":[{"name":"wp","href":"https:\/\/api.w.org\/{rel}","templated":true}]}}