{"id":78941,"date":"2022-07-01T16:20:32","date_gmt":"2022-07-01T14:20:32","guid":{"rendered":"https:\/\/miurltemporal.com/main/triatletasenred.sport.es\/?p=78941"},"modified":"2022-07-01T17:31:03","modified_gmt":"2022-07-01T15:31:03","slug":"la-bici-de-blummenfelt-la-cadex-tri-ya-esta-a-la-venta","status":"publish","type":"post","link":"https:\/\/miurltemporal.com/main/triatletasenred.sport.es\/actualidad\/la-bici-de-blummenfelt-la-cadex-tri-ya-esta-a-la-venta\/","title":{"rendered":"La bici de Blummenfelt, la CADEX Tri, ya est\u00e1 a la venta"},"content":{"rendered":"<h3>La CADEX Tri, m\u00e1s conocida como la bicicleta de Kristian Blummenfelt, la misma bici con la que se ha proclamado campe\u00f3n del mundo de IRONMAN, ya esta a la venta.<\/h3>\n<p><a href=\"https:\/\/zone3.es\/\" rel=\"nofollow noopener\" target=\"_blank\"><img fetchpriority=\"high\" decoding=\"async\" class=\"alignnone size-full wp-image-66903\" src=\"https:\/\/miurltemporal.com/main/triatletasenred.sport.es\/wp-content\/uploads\/Banner-Zone3-746x149px.gif\" alt=\"\" width=\"746\" height=\"149\" \/><\/a><\/p>\n<p>Desde ya, puedes reservar la bicicleta de <strong>Kristian Blummenfelt<\/strong>, la misma con la que gan\u00f3 el Campeonato del Mundo IRONMAN en St. George, la misma que llevo \u00e9l y todo su equipo de gregarios en el Sub 7, la misma que provoc\u00f3 tantos sentimientos encontrados entre el p\u00fablico.<\/p>\n<h3>Sin limites<\/h3>\n<p>&#8220;<em>No est\u00e1 inspirado en una bici de carretera, ni siquiera de una bici de contrarreloj. No juega con esas reglas. El nuevo cuadro CADEX Tri es <strong>una m\u00e1quina de triatl\u00f3n sin barreras<\/strong>, sin restricciones ni limitaciones<\/em>&#8220;. As\u00ed, es como la compa\u00f1\u00eda Taiwanesa empieza a vender su &#8220;primera&#8221; bicicleta. Lo ponemos entre comillas, ya que CADEX, es una marca de Giant, con algo de experiencia en esto de las bicis, xd. Viene a ser lo mismo que Roval en Specialized o Bontrager en Trek, pero esta vez han ido un paso m\u00e1s all\u00e1.<\/p>\n<p><strong>En busca de reescribir las reglas<\/strong>, CADEX se ha apoyado en los mejores triatletas del mundo para sacar una bicicleta completamente fuera de lo convencional. Aunque, hace unos cuantos a\u00f1os, Giant ya cre\u00f3 algo similar.<\/p>\n<figure id=\"attachment_78943\" aria-describedby=\"caption-attachment-78943\" style=\"width: 1350px\" class=\"wp-caption alignnone\"><img decoding=\"async\" class=\"wp-image-78943 size-full\" src=\"https:\/\/miurltemporal.com/main/triatletasenred.sport.es\/wp-content\/uploads\/Diseno-sin-titulo-2022-07-01T161316.361.png\" alt=\"\" width=\"1350\" height=\"760\" srcset=\"https:\/\/miurltemporal.com/main/triatletasenred.sport.es\/wp-content\/uploads\/Diseno-sin-titulo-2022-07-01T161316.361.png 1350w, https:\/\/miurltemporal.com/main/triatletasenred.sport.es\/wp-content\/uploads\/Diseno-sin-titulo-2022-07-01T161316.361-700x394.png 700w, https:\/\/miurltemporal.com/main/triatletasenred.sport.es\/wp-content\/uploads\/Diseno-sin-titulo-2022-07-01T161316.361-300x169.png 300w, https:\/\/miurltemporal.com/main/triatletasenred.sport.es\/wp-content\/uploads\/Diseno-sin-titulo-2022-07-01T161316.361-1024x576.png 1024w, https:\/\/miurltemporal.com/main/triatletasenred.sport.es\/wp-content\/uploads\/Diseno-sin-titulo-2022-07-01T161316.361-768x432.png 768w, https:\/\/miurltemporal.com/main/triatletasenred.sport.es\/wp-content\/uploads\/Diseno-sin-titulo-2022-07-01T161316.361-696x392.png 696w, https:\/\/miurltemporal.com/main/triatletasenred.sport.es\/wp-content\/uploads\/Diseno-sin-titulo-2022-07-01T161316.361-1068x601.png 1068w, https:\/\/miurltemporal.com/main/triatletasenred.sport.es\/wp-content\/uploads\/Diseno-sin-titulo-2022-07-01T161316.361-746x420.png 746w\" sizes=\"(max-width: 1350px) 100vw, 1350px\" \/><figcaption id=\"caption-attachment-78943\" class=\"wp-caption-text\">Giant utilizada por Laurent Jalabert en el equipo ciclista ONCE<\/figcaption><\/figure>\n<h3>Invisible para el viento<\/h3>\n<p>&#8220;<em>Ofrece a los triatletas una forma completamente nueva de acceder a la nutrici\u00f3n, la hidrataci\u00f3n y otros elementos esenciales desde su posici\u00f3n aero en competici\u00f3n sin que el viento se d\u00e9 cuenta. Todo est\u00e1 ah\u00ed, metido dentro del tubo diagonal aero, invisible para el viento.<\/em>&#8221;<\/p>\n<p>El equipo de ingenieros de CADEX, ha estado estudiando a m\u00e1s de 150 triatletas profesionales y amateur, de pr\u00e1cticamente todas las composiciones corporales posibles, para que <strong>cualquiera de sus tayas se pueda adaptar a cada triatleta a la perfecci\u00f3n<\/strong>.<\/p>\n<div class=\"youtube-embed\" data-video_id=\"eNB9VZa1tKI\"><iframe title=\"The CADEX Tri Frameset  #overachieve\" width=\"696\" height=\"392\" src=\"https:\/\/www.youtube.com\/embed\/eNB9VZa1tKI?start=42&#038;feature=oembed\" frameborder=\"0\" allow=\"accelerometer; autoplay; clipboard-write; encrypted-media; gyroscope; picture-in-picture\" allowfullscreen><\/iframe><\/div>\n<p>&#8220;<em>El equipo analiz\u00f3 los datos de stack y reach, luego configur\u00f3 modos para que cualquier ciclista, sin importar el tama\u00f1o de cuadro que elija, pueda ajustar estos factores cr\u00edticos de ajuste con gran facilidad. No se trata solo de la altura, la longitud de las piernas y las proporciones del cuerpo. Atletas con dimensiones corporales similares pueden tener configuraciones de bici muy diferentes seg\u00fan variables como la flexibilidad, la fuerza del core y la distancia de carrera preferida.<\/em>&#8221;<\/p>\n<h3>M\u00e1xima optimizaci\u00f3n<\/h3>\n<p>CADEX ha ido <strong>en busca de optimizar todo<\/strong>, todo lo posible, por ello, tambi\u00e9n han pensado en c\u00f3mo hacer m\u00e1s f\u00e1cil el viajar con ella. El dise\u00f1o de esta bicicleta, permite que <strong>pr\u00e1cticamente no se tenga que desmontar para transportarla<\/strong>. Por si fuera poco, al comprar la bicicleta, tambi\u00e9n <strong>te viene una maleta Topeak, dise\u00f1ada espec\u00edficamente para esta bicicleta.<\/strong><\/p>\n<p>De momento est\u00e1 disponible en los colores Silver Rush y Aurora Hologram. Si quieres reservarla o informarte m\u00e1s, <a href=\"https:\/\/www.cadex-cycling.com\/es\/tri\" target=\"_blank\" rel=\"noopener nofollow\"><strong>aqu\u00ed<\/strong><\/a> pod\u00e9is encontrar todo.<\/p>\n<div class=\"youtube-embed\" data-video_id=\"HnCgFG1yoOU\"><iframe title=\"C\u00d3MO ser M\u00c1S AERO y M\u00c1S ACOPLADO en la bici\" width=\"696\" height=\"392\" src=\"https:\/\/www.youtube.com\/embed\/HnCgFG1yoOU?feature=oembed&#038;enablejsapi=1\" frameborder=\"0\" allow=\"accelerometer; autoplay; clipboard-write; encrypted-media; gyroscope; picture-in-picture\" allowfullscreen><\/iframe><\/div>\n","protected":false},"excerpt":{"rendered":"<p>La Cadex Tri, m\u00e1s conocida como la bicicleta de Kristian Blummenfelt, la misma bici con la que se ha proclamado campe\u00f3n del mundo de IRONMAN, ya esta a la venta.<\/p>\n","protected":false},"author":324,"featured_media":78942,"comment_status":"closed","ping_status":"closed","sticky":false,"template":"","format":"standard","meta":{"_acf_changed":false,"rank_math_lock_modified_date":false,"footnotes":""},"categories":[17],"tags":[9303,7415],"class_list":{"0":"post-78941","1":"post","2":"type-post","3":"status-publish","4":"format-standard","5":"has-post-thumbnail","7":"category-actualidad","8":"tag-bici-cadex-tri","9":"tag-blummenfelt"},"acf":[],"_links":{"self":[{"href":"https:\/\/miurltemporal.com/main/triatletasenred.sport.es\/wp-json\/wp\/v2\/posts\/78941"}],"collection":[{"href":"https:\/\/miurltemporal.com/main/triatletasenred.sport.es\/wp-json\/wp\/v2\/posts"}],"about":[{"href":"https:\/\/miurltemporal.com/main/triatletasenred.sport.es\/wp-json\/wp\/v2\/types\/post"}],"author":[{"embeddable":true,"href":"https:\/\/miurltemporal.com/main/triatletasenred.sport.es\/wp-json\/wp\/v2\/users\/324"}],"replies":[{"embeddable":true,"href":"https:\/\/miurltemporal.com/main/triatletasenred.sport.es\/wp-json\/wp\/v2\/comments?post=78941"}],"version-history":[{"count":5,"href":"https:\/\/miurltemporal.com/main/triatletasenred.sport.es\/wp-json\/wp\/v2\/posts\/78941\/revisions"}],"predecessor-version":[{"id":78948,"href":"https:\/\/miurltemporal.com/main/triatletasenred.sport.es\/wp-json\/wp\/v2\/posts\/78941\/revisions\/78948"}],"wp:featuredmedia":[{"embeddable":true,"href":"https:\/\/miurltemporal.com/main/triatletasenred.sport.es\/wp-json\/wp\/v2\/media\/78942"}],"wp:attachment":[{"href":"https:\/\/miurltemporal.com/main/triatletasenred.sport.es\/wp-json\/wp\/v2\/media?parent=78941"}],"wp:term":[{"taxonomy":"category","embeddable":true,"href":"https:\/\/miurltemporal.com/main/triatletasenred.sport.es\/wp-json\/wp\/v2\/categories?post=78941"},{"taxonomy":"post_tag","embeddable":true,"href":"https:\/\/miurltemporal.com/main/triatletasenred.sport.es\/wp-json\/wp\/v2\/tags?post=78941"}],"curies":[{"name":"wp","href":"https:\/\/api.w.org\/{rel}","templated":true}]}}