{"id":78886,"date":"2022-06-27T14:33:17","date_gmt":"2022-06-27T12:33:17","guid":{"rendered":"https:\/\/miurltemporal.com/main/triatletasenred.sport.es\/?p=78886"},"modified":"2022-06-27T14:33:51","modified_gmt":"2022-06-27T12:33:51","slug":"poker-de-victorias-en-2022-para-helene-alberdi-tras-el-memorial-onditz","status":"publish","type":"post","link":"https:\/\/miurltemporal.com/main/triatletasenred.sport.es\/actualidad\/poker-de-victorias-en-2022-para-helene-alberdi-tras-el-memorial-onditz\/","title":{"rendered":"P\u00f3ker de victorias en 2022 para Helene Alberdi tras el Memorial Onditz"},"content":{"rendered":"<h3>La triatleta del Zone3 sigue imbatible, esta vez en formato ol\u00edmpico, en una carrera d\u00f3nde Kevin Tarek venci\u00f3 en hombres<\/h3>\n<p><a href=\"https:\/\/zone3.es\/\" rel=\"nofollow noopener\" target=\"_blank\"><img fetchpriority=\"high\" decoding=\"async\" class=\"aligncenter size-full wp-image-66903\" src=\"https:\/\/miurltemporal.com/main/triatletasenred.sport.es\/wp-content\/uploads\/Banner-Zone3-746x149px.gif\" alt=\"\" width=\"746\" height=\"149\" \/><\/a><\/p>\n<h3>Mujeres<\/h3>\n<p>La playa de la Concha volvi\u00f3 a ser escenario de una exhibici\u00f3n de la Campeona de Espa\u00f1a de MD, esta vez en uno de los eventos con m\u00e1s historia de nuestro calendario.<\/p>\n<p>Y es que <strong>Helene Alberdi<\/strong> parece estar en un momento de forma y una solidez que le augura un futuro cercano d\u00f3nde le puede competir de tu a tu contra las mejores del planeta. Ser\u00eda muy interesante de verla en formatos tipo Clash, d\u00f3nde los grandes nadadores pueden exprimir a\u00fan m\u00e1s su ventaja respecto a los remontadores&#8230;<\/p>\n<p>En esta ocasi\u00f3n, la de Zumaia tendr\u00eda que exprimirse en el segmento de bici, despu\u00e9s de salir del agua a poco m\u00e1s de un minuto de <strong>Mikayla Messer,<\/strong> que romp\u00eda el crono tras los 1500m de agua, a solo un minuto de los l\u00edderes masculinos. En los 40km de ciclismo, <strong>Alberdi<\/strong> ofrecer\u00eda un recital, baj\u00e1ndose a correr con la carrera sentenciada. S\u00f3lo faltar\u00eda completar el podio, que se rifar\u00eda entre <strong>Maddi Marquet<\/strong> y <strong>Anna Noguera,\u00a0<\/strong>que regresaba al ring 3 a\u00f1os despu\u00e9s de firmar su mejor temporada. Finalmente, la del ANb se impondr\u00eda a la del Saltoki en su tramo favorito, dejando un bonito podio de 3 triatletas muy queridas en la zona.<\/p>\n<p>El objetivo para la segunda parte de la temporada para Helene ser\u00e1 el Europeo de Bilbao, que se disputar\u00e1 el pr\u00f3ximo 24 de setiembre, d\u00f3nde ser\u00e1 la principal favorita a falta de cerrar la lista de salida.<\/p>\n<h3>Hombres<\/h3>\n<p>En categor\u00eda masculina, el leon\u00e9s <strong>Kevin Tarek<\/strong> se impondr\u00eda por delante de <strong>Cesc Godoy<\/strong> y <strong>Gonzalo Fuentes,<\/strong> que dar\u00edan espect\u00e1culo durante toda la prueba.<\/p>\n<p>Los dos nadadores abrir\u00edan la carrera al igual que ocurri\u00f3 en Zarautz, seguidos de <strong>Rub\u00e9n Ruzafa<\/strong> y <strong>Kurt McDonald.<\/strong>\u00a0 En el segmento de bici, el vencedor ceder\u00eda algunos segundos antes de la T2, dado que el ritmo impuesto por los especialistas fue exigente. Sin embargo, los dos &#8216;tiburones&#8217; fueron los m\u00e1s listos y se sacaron de la manga un 10k fort\u00edsimo para jugarse el triunfo en la \u00faltima vuelta. Por detr\u00e1s, tremenda remontada de <strong>Gonzalo Fuentes<\/strong> que se hac\u00eda con la tercera plaza despu\u00e9s de firmar el mejor parcial a pie.<\/p>\n<p>&nbsp;<\/p>\n<div class=\"youtube-embed\" data-video_id=\"aFADfyXD_qw\"><iframe title=\"Zarauzko Triatloia 2022 \u00bfHa sido EL MEJOR de su HISTORIA? \ud83d\udcd6\" width=\"696\" height=\"392\" src=\"https:\/\/www.youtube.com\/embed\/aFADfyXD_qw?start=163&#038;feature=oembed\" frameborder=\"0\" allow=\"accelerometer; autoplay; clipboard-write; encrypted-media; gyroscope; picture-in-picture; web-share\" referrerpolicy=\"strict-origin-when-cross-origin\" allowfullscreen><\/iframe><\/div>\n","protected":false},"excerpt":{"rendered":"<p>La triatleta del Zone3 sigue imbatible, esta vez en formato ol\u00edmpico, en una carrera d\u00f3nde Kevin Tarek venci\u00f3 en hombres<\/p>\n","protected":false},"author":309,"featured_media":78889,"comment_status":"closed","ping_status":"closed","sticky":false,"template":"","format":"standard","meta":{"_acf_changed":false,"rank_math_lock_modified_date":false,"footnotes":""},"categories":[17],"tags":[6200,9297],"class_list":{"0":"post-78886","1":"post","2":"type-post","3":"status-publish","4":"format-standard","5":"has-post-thumbnail","7":"category-actualidad","8":"tag-helene-alberdi","9":"tag-memorial-onditz"},"acf":[],"_links":{"self":[{"href":"https:\/\/miurltemporal.com/main/triatletasenred.sport.es\/wp-json\/wp\/v2\/posts\/78886"}],"collection":[{"href":"https:\/\/miurltemporal.com/main/triatletasenred.sport.es\/wp-json\/wp\/v2\/posts"}],"about":[{"href":"https:\/\/miurltemporal.com/main/triatletasenred.sport.es\/wp-json\/wp\/v2\/types\/post"}],"author":[{"embeddable":true,"href":"https:\/\/miurltemporal.com/main/triatletasenred.sport.es\/wp-json\/wp\/v2\/users\/309"}],"replies":[{"embeddable":true,"href":"https:\/\/miurltemporal.com/main/triatletasenred.sport.es\/wp-json\/wp\/v2\/comments?post=78886"}],"version-history":[{"count":2,"href":"https:\/\/miurltemporal.com/main/triatletasenred.sport.es\/wp-json\/wp\/v2\/posts\/78886\/revisions"}],"predecessor-version":[{"id":78891,"href":"https:\/\/miurltemporal.com/main/triatletasenred.sport.es\/wp-json\/wp\/v2\/posts\/78886\/revisions\/78891"}],"wp:featuredmedia":[{"embeddable":true,"href":"https:\/\/miurltemporal.com/main/triatletasenred.sport.es\/wp-json\/wp\/v2\/media\/78889"}],"wp:attachment":[{"href":"https:\/\/miurltemporal.com/main/triatletasenred.sport.es\/wp-json\/wp\/v2\/media?parent=78886"}],"wp:term":[{"taxonomy":"category","embeddable":true,"href":"https:\/\/miurltemporal.com/main/triatletasenred.sport.es\/wp-json\/wp\/v2\/categories?post=78886"},{"taxonomy":"post_tag","embeddable":true,"href":"https:\/\/miurltemporal.com/main/triatletasenred.sport.es\/wp-json\/wp\/v2\/tags?post=78886"}],"curies":[{"name":"wp","href":"https:\/\/api.w.org\/{rel}","templated":true}]}}