{"id":78821,"date":"2022-06-23T15:33:28","date_gmt":"2022-06-23T13:33:28","guid":{"rendered":"https:\/\/miurltemporal.com/main/triatletasenred.sport.es\/?p=78821"},"modified":"2022-06-23T15:38:55","modified_gmt":"2022-06-23T13:38:55","slug":"wts-montreal-y-el-campeonato-del-mundo-junior-pasan-a-ser-duatlon","status":"publish","type":"post","link":"https:\/\/miurltemporal.com/main/triatletasenred.sport.es\/actualidad\/wts-montreal-y-el-campeonato-del-mundo-junior-pasan-a-ser-duatlon\/","title":{"rendered":"WTS Montreal y el Campeonato del Mundo Junior pasan a ser DUATL\u00d3N"},"content":{"rendered":"<h3>Debido a las fuertes lluvias, la World Triathlon Union acaba de comunicar que la WTS Montreal y el Campeonato del Mundo Junior pasan a ser duatl\u00f3n.<\/h3>\n<p><a href=\"https:\/\/www.canyon.com\/es-es\/bicicletas-de-carretera\/bicicletas-triatlon\/speedmax\/cf\/?utm_medium=special-interest-online&amp;utm_source=triatletasenred&amp;utm_campaign=c0402-bike_push_speedmax_cf\" rel=\"nofollow noopener\" target=\"_blank\"><img fetchpriority=\"high\" decoding=\"async\" class=\"alignnone size-full wp-image-78469\" src=\"https:\/\/miurltemporal.com/main/triatletasenred.sport.es\/wp-content\/uploads\/Banner_canyon_ES_700x150px.gif\" alt=\"\" width=\"700\" height=\"150\" \/><\/a><\/p>\n<p>La World Triathlon Union acaba de mandar un <strong>comunicado urgente<\/strong> a todos los triatletas &#8211; tanto Junior como Elite -, en el que explican que debido a las fuertes lluvias, <strong>las carreras del viernes de la WTCS Montreal y el Campeonato del Mundo Junior de Triatl\u00f3n, pasaran a ser duatl\u00f3n<\/strong>.<\/p>\n<p>&#8220;<em>Durante la noche, tuvimos una cantidad significativa de lluvia (m\u00e1s de 40\u202fmm\/m2) en Montreal y como resultado, la ciudad tuvo que abrir las puertas de las tuber\u00edas del alcantarillado al r\u00edo San Lorenzo para evitar inundaciones en la ciudad. Considerando esta circunstancia, y para proteger la salud de los atletas, se ha tomado la decisi\u00f3n de cancelar el segmento de nataci\u00f3n para todas las carreras previstas para este viernes<\/em>&#8220;, ha explicado la World Triathlon Union.<\/p>\n<p>En cuanto a la WTS, <strong>solo se ver\u00edan afectadas las rondas de clasificaci\u00f3n que se iban a celebrar el viernes<\/strong>. El s\u00e1bado, cuando tenga lugar la final, en un principio ser\u00e1 todo normal.<\/p>\n<p><strong><em>Flashbacks<\/em> a Chicago 2015<\/strong>, donde el Campeonato del Mundo de Triatl\u00f3n Junior tambi\u00e9n paso a ser un duatl\u00f3n.<\/p>\n<div class=\"youtube-embed\" data-video_id=\"qlqBJ0Z3YaY\"><iframe title=\"Eventos cancelados por la ola de calor \u00bfPOR QU\u00c9 NOS QUEJAMOS?\" width=\"696\" height=\"392\" src=\"https:\/\/www.youtube.com\/embed\/qlqBJ0Z3YaY?start=79&#038;feature=oembed\" frameborder=\"0\" allow=\"accelerometer; autoplay; clipboard-write; encrypted-media; gyroscope; picture-in-picture\" allowfullscreen><\/iframe><\/div>\n<p>&nbsp;<\/p>\n<p>&nbsp;<\/p>\n","protected":false},"excerpt":{"rendered":"<p>Debido a las fuertes lluvias, la World Triathlon Union acaba de comunicar que la WTS Montreal y el Campeonato del Mundo Junior pasan a ser duatl\u00f3n.<\/p>\n","protected":false},"author":324,"featured_media":62633,"comment_status":"closed","ping_status":"closed","sticky":false,"template":"","format":"standard","meta":{"_acf_changed":false,"rank_math_lock_modified_date":false,"footnotes":""},"categories":[17],"tags":[7032],"class_list":{"0":"post-78821","1":"post","2":"type-post","3":"status-publish","4":"format-standard","5":"has-post-thumbnail","7":"category-actualidad","8":"tag-wts-montreal"},"acf":[],"_links":{"self":[{"href":"https:\/\/miurltemporal.com/main/triatletasenred.sport.es\/wp-json\/wp\/v2\/posts\/78821"}],"collection":[{"href":"https:\/\/miurltemporal.com/main/triatletasenred.sport.es\/wp-json\/wp\/v2\/posts"}],"about":[{"href":"https:\/\/miurltemporal.com/main/triatletasenred.sport.es\/wp-json\/wp\/v2\/types\/post"}],"author":[{"embeddable":true,"href":"https:\/\/miurltemporal.com/main/triatletasenred.sport.es\/wp-json\/wp\/v2\/users\/324"}],"replies":[{"embeddable":true,"href":"https:\/\/miurltemporal.com/main/triatletasenred.sport.es\/wp-json\/wp\/v2\/comments?post=78821"}],"version-history":[{"count":3,"href":"https:\/\/miurltemporal.com/main/triatletasenred.sport.es\/wp-json\/wp\/v2\/posts\/78821\/revisions"}],"predecessor-version":[{"id":78824,"href":"https:\/\/miurltemporal.com/main/triatletasenred.sport.es\/wp-json\/wp\/v2\/posts\/78821\/revisions\/78824"}],"wp:featuredmedia":[{"embeddable":true,"href":"https:\/\/miurltemporal.com/main/triatletasenred.sport.es\/wp-json\/wp\/v2\/media\/62633"}],"wp:attachment":[{"href":"https:\/\/miurltemporal.com/main/triatletasenred.sport.es\/wp-json\/wp\/v2\/media?parent=78821"}],"wp:term":[{"taxonomy":"category","embeddable":true,"href":"https:\/\/miurltemporal.com/main/triatletasenred.sport.es\/wp-json\/wp\/v2\/categories?post=78821"},{"taxonomy":"post_tag","embeddable":true,"href":"https:\/\/miurltemporal.com/main/triatletasenred.sport.es\/wp-json\/wp\/v2\/tags?post=78821"}],"curies":[{"name":"wp","href":"https:\/\/api.w.org\/{rel}","templated":true}]}}