{"id":78572,"date":"2022-06-11T18:49:10","date_gmt":"2022-06-11T16:49:10","guid":{"rendered":"https:\/\/miurltemporal.com/main/triatletasenred.sport.es\/?p=78572"},"modified":"2022-06-11T19:28:41","modified_gmt":"2022-06-11T17:28:41","slug":"helene-alberdi-arrasa-en-zarauz","status":"publish","type":"post","link":"https:\/\/miurltemporal.com/main/triatletasenred.sport.es\/actualidad\/helene-alberdi-arrasa-en-zarauz\/","title":{"rendered":"Helene Alberdi ARRASA en Zarauz"},"content":{"rendered":"\n<h3 class=\"wp-block-heading\">La triatleta del Zone3 consigue otra victoria en el triatl\u00f3n m\u00e1s m\u00edtico del pa\u00eds<\/h3>\n\n\n\n<figure class=\"wp-block-image size-large\"><img fetchpriority=\"high\" decoding=\"async\" width=\"746\" height=\"149\" src=\"https:\/\/miurltemporal.com/main/triatletasenred.sport.es\/wp-content\/uploads\/Banner-Zone3-746x149px.gif\" alt=\"\" class=\"wp-image-66903\"\/><\/figure>\n\n\n\n<p>Tiran\u00eda sin cuartel para <strong>Helene Alberdi<\/strong> que sigue indomable en 2022 con triunfos en <strong>Pe\u00f1\u00edscola<\/strong> y <strong>Pamplona<\/strong>, con la pr\u00f3xima actualizaci\u00f3n de la PTO d\u00f3nde saldr\u00e1 catapultada entre las mejores del planeta.<\/p>\n\n\n\n<p>Tras ella, <strong>Judith Corach\u00e1n y Marta S\u00e1nchez<\/strong> iniciar\u00edan la caza aunque el ritmo de Alberdi ser\u00eda superior desde el kil\u00f3metro 1. La ITU <strong>Justine Guerard<\/strong> ser\u00eda la \u00fanica capaz de sostener el ritmo de las 4 de cabeza, a tiempo que <strong>S\u00e1nchez<\/strong> perd\u00eda fuelle al paso por la primera vuelta.<\/p>\n\n\n\n<p>Ya en la carrera a pie, el gui\u00f3n no se mover\u00eda, y <strong>Alberdi<\/strong> se marchar\u00eda en solitario hasta vencer, con la la triatleta del ANb y la francesa como segunda y tercera.<\/p>\n","protected":false},"excerpt":{"rendered":"<p>La triatleta del Zone3 consigue otra victoria en el triatl\u00f3n m\u00e1s m\u00edtico del pa\u00eds Tiran\u00eda sin cuartel para Helene Alberdi que sigue indomable en 2022 con triunfos en Pe\u00f1\u00edscola y Pamplona, con la pr\u00f3xima actualizaci\u00f3n de la PTO d\u00f3nde saldr\u00e1 catapultada entre las mejores del planeta. Tras ella, Judith Corach\u00e1n y Marta S\u00e1nchez iniciar\u00edan la [&hellip;]<\/p>\n","protected":false},"author":309,"featured_media":0,"comment_status":"closed","ping_status":"closed","sticky":false,"template":"","format":"standard","meta":{"_acf_changed":false,"rank_math_lock_modified_date":false,"footnotes":""},"categories":[17],"tags":[],"class_list":{"0":"post-78572","1":"post","2":"type-post","3":"status-publish","4":"format-standard","6":"category-actualidad"},"acf":[],"_links":{"self":[{"href":"https:\/\/miurltemporal.com/main/triatletasenred.sport.es\/wp-json\/wp\/v2\/posts\/78572"}],"collection":[{"href":"https:\/\/miurltemporal.com/main/triatletasenred.sport.es\/wp-json\/wp\/v2\/posts"}],"about":[{"href":"https:\/\/miurltemporal.com/main/triatletasenred.sport.es\/wp-json\/wp\/v2\/types\/post"}],"author":[{"embeddable":true,"href":"https:\/\/miurltemporal.com/main/triatletasenred.sport.es\/wp-json\/wp\/v2\/users\/309"}],"replies":[{"embeddable":true,"href":"https:\/\/miurltemporal.com/main/triatletasenred.sport.es\/wp-json\/wp\/v2\/comments?post=78572"}],"version-history":[{"count":3,"href":"https:\/\/miurltemporal.com/main/triatletasenred.sport.es\/wp-json\/wp\/v2\/posts\/78572\/revisions"}],"predecessor-version":[{"id":78589,"href":"https:\/\/miurltemporal.com/main/triatletasenred.sport.es\/wp-json\/wp\/v2\/posts\/78572\/revisions\/78589"}],"wp:attachment":[{"href":"https:\/\/miurltemporal.com/main/triatletasenred.sport.es\/wp-json\/wp\/v2\/media?parent=78572"}],"wp:term":[{"taxonomy":"category","embeddable":true,"href":"https:\/\/miurltemporal.com/main/triatletasenred.sport.es\/wp-json\/wp\/v2\/categories?post=78572"},{"taxonomy":"post_tag","embeddable":true,"href":"https:\/\/miurltemporal.com/main/triatletasenred.sport.es\/wp-json\/wp\/v2\/tags?post=78572"}],"curies":[{"name":"wp","href":"https:\/\/api.w.org\/{rel}","templated":true}]}}