{"id":78531,"date":"2022-06-04T09:08:25","date_gmt":"2022-06-04T07:08:25","guid":{"rendered":"https:\/\/miurltemporal.com/main/triatletasenred.sport.es\/?p=78531"},"modified":"2022-06-04T19:33:43","modified_gmt":"2022-06-04T17:33:43","slug":"arranca-el-vi-half-gasteiz-de-la-historia-quien-se-llevara-su-primera-txapela","status":"publish","type":"post","link":"https:\/\/miurltemporal.com/main/triatletasenred.sport.es\/actualidad\/arranca-el-vi-half-gasteiz-de-la-historia-quien-se-llevara-su-primera-txapela\/","title":{"rendered":"Arranca el vi half gasteiz de la historia \u00bfQui\u00e9n se llevar\u00e1 su primera txapela?"},"content":{"rendered":"<h3>vi half gasteiz hoy ser\u00e1 ya una realidad tras unos meses en el que hemos visto tomar forma a un ambicioso y no f\u00e1cil proyecto que llega para sumar, y mucho, a nuestro deporte.<\/h3>\n<p><a href=\"https:\/\/zone3.es\/\" rel=\"nofollow noopener\" target=\"_blank\"><img fetchpriority=\"high\" decoding=\"async\" src=\"https:\/\/miurltemporal.com/main/triatletasenred.sport.es\/wp-content\/uploads\/Banner-Zone3-746x149px.gif\" class=\"aligncenter size-full wp-image-66903\" alt=\"\" width=\"746\" height=\"149\"><\/a><\/p>\n<p>Desde las 12:30 de la ma\u00f1ana se pondr\u00e1 en marcha la edici\u00f3n inaugural de vi half gasteiz, el evento que se marc\u00f3 como objetivo devolver el triatl\u00f3n de media distancia a Vitoria-Gasteiz tras la desaparici\u00f3n de la distancia a\u00f1os atr\u00e1s.<\/p>\n<p>Entre los favoritos est\u00e1 el incombustible Eneko Llanos que sigue con la motivaci\u00f3n de un junior y la clase que le ha llevado a llevar el apodo de &#8220;El Kaiser&#8221; en la espalda. Autoridad y estilo por los 4 costados para disputar la carrera y llevar un merecido dorsal 1 en este vi half gasteiz.<\/p>\n<p>Nuestro becario, Roger Many\u00e0, ser\u00e1 el &#8220;archienemigo&#8221; en terminos cari\u00f1osos de Eneko. Un amistoso duelo inter-gereneracional que sin duda har\u00e1 m\u00e1s interesante este evento en las pr\u00f3ximas horas:<\/p>\n<blockquote class=\"td_quote_box td_box_center\">\n<h4>&#8220;El Kaiser es un referente y solo poder compartir salida de nuevo con \u00e9l es mi peque\u00f1o premio. A ver que aprendemos de \u00e9l y de los dem\u00e1s competidores en vi half gasteiz&#8221;<\/h4>\n<\/blockquote>\n<p>Otros nombres propios de esta primera edici\u00f3n son el de Alberto Romero que querr\u00e1 sacarse la espinita de Pamplona.<\/p>\n<p>En f\u00e9minas tenemos dos grandes favoritas como son la canaria afincada en Vitoria Ruth Brito, que vuelve a la competici\u00f3n tras su segundo periodo &#8220;off&#8221; por maternidad y la catalana Sara Loehr que vuelve a la media distancia despu\u00e9s de muchos a\u00f1os alejada y que llega a Vitoria como un test personal y deportivo.<\/p>\n<p>&nbsp;<\/p>\n<blockquote class=\"td_quote_box td_box_center\">\n<h4>Quiero disfrutar de este evento que pinta tan bien y que han gestado con tanto mimo. El resultado realmente es lo de menos pero evidentemente me gustar\u00eda hacer un buen papel e irme con un buen sabor de boca<\/h4>\n<\/blockquote>\n<p>Espadas en todo lo alto con estos pros y un evento que sin duda puede marcar un antes y un despu\u00e9s en el calendario de los triatletas. Por lo pronto 450 inscritos y en liza un Campeonato de Euskadi y Alava en liza.<\/p>\n<p>&nbsp;<\/p>\n<p>&nbsp;<\/p>\n","protected":false},"excerpt":{"rendered":"<p>vi half gasteiz hoy ser\u00e1 ya una realidad tras unos meses en el que hemos visto tomar forma a un ambicioso y no f\u00e1cil proyecto que llega para sumar, y mucho, a nuestro deporte. Desde las 12:30 de la ma\u00f1ana se pondr\u00e1 en marcha la edici\u00f3n inaugural de vi half gasteiz, el evento que se [&hellip;]<\/p>\n","protected":false},"author":2,"featured_media":78409,"comment_status":"closed","ping_status":"closed","sticky":false,"template":"","format":"standard","meta":{"_acf_changed":false,"rank_math_lock_modified_date":false,"footnotes":""},"categories":[17],"tags":[],"class_list":{"0":"post-78531","1":"post","2":"type-post","3":"status-publish","4":"format-standard","5":"has-post-thumbnail","7":"category-actualidad"},"acf":[],"_links":{"self":[{"href":"https:\/\/miurltemporal.com/main/triatletasenred.sport.es\/wp-json\/wp\/v2\/posts\/78531"}],"collection":[{"href":"https:\/\/miurltemporal.com/main/triatletasenred.sport.es\/wp-json\/wp\/v2\/posts"}],"about":[{"href":"https:\/\/miurltemporal.com/main/triatletasenred.sport.es\/wp-json\/wp\/v2\/types\/post"}],"author":[{"embeddable":true,"href":"https:\/\/miurltemporal.com/main/triatletasenred.sport.es\/wp-json\/wp\/v2\/users\/2"}],"replies":[{"embeddable":true,"href":"https:\/\/miurltemporal.com/main/triatletasenred.sport.es\/wp-json\/wp\/v2\/comments?post=78531"}],"version-history":[{"count":2,"href":"https:\/\/miurltemporal.com/main/triatletasenred.sport.es\/wp-json\/wp\/v2\/posts\/78531\/revisions"}],"predecessor-version":[{"id":78533,"href":"https:\/\/miurltemporal.com/main/triatletasenred.sport.es\/wp-json\/wp\/v2\/posts\/78531\/revisions\/78533"}],"wp:featuredmedia":[{"embeddable":true,"href":"https:\/\/miurltemporal.com/main/triatletasenred.sport.es\/wp-json\/wp\/v2\/media\/78409"}],"wp:attachment":[{"href":"https:\/\/miurltemporal.com/main/triatletasenred.sport.es\/wp-json\/wp\/v2\/media?parent=78531"}],"wp:term":[{"taxonomy":"category","embeddable":true,"href":"https:\/\/miurltemporal.com/main/triatletasenred.sport.es\/wp-json\/wp\/v2\/categories?post=78531"},{"taxonomy":"post_tag","embeddable":true,"href":"https:\/\/miurltemporal.com/main/triatletasenred.sport.es\/wp-json\/wp\/v2\/tags?post=78531"}],"curies":[{"name":"wp","href":"https:\/\/api.w.org\/{rel}","templated":true}]}}