{"id":78523,"date":"2022-06-03T07:36:53","date_gmt":"2022-06-03T05:36:53","guid":{"rendered":"https:\/\/miurltemporal.com/main/triatletasenred.sport.es\/?p=78523"},"modified":"2022-06-03T07:36:53","modified_gmt":"2022-06-03T05:36:53","slug":"gustavo-rodriguez-quirofano","status":"publish","type":"post","link":"https:\/\/miurltemporal.com/main/triatletasenred.sport.es\/actualidad\/gustavo-rodriguez-quirofano\/","title":{"rendered":"Gustavo Rodr\u00edguez pasa por el quir\u00f3fano tras dos a\u00f1os de sufrimiento"},"content":{"rendered":"<h3>Nuestro admirado triatleta gallego no ha podido evitar el quir\u00f3fano como soluci\u00f3n a dos a\u00f1os deportivos que el mismo defini\u00f3 como &#8220;calvario&#8221;<\/p>\n<p><a href=\"https:\/\/artiemhalfmenorca.com\/\" rel=\"nofollow noopener\" target=\"_blank\"><img fetchpriority=\"high\" decoding=\"async\" class=\"aligncenter size-large wp-image-77801\" src=\"https:\/\/miurltemporal.com/main/triatletasenred.sport.es\/wp-content\/uploads\/triatlon-menorca-2-1024x219.jpg\" alt=\"\" width=\"696\" height=\"149\" srcset=\"https:\/\/miurltemporal.com/main/triatletasenred.sport.es\/wp-content\/uploads\/triatlon-menorca-2-1024x219.jpg 1024w, https:\/\/miurltemporal.com/main/triatletasenred.sport.es\/wp-content\/uploads\/triatlon-menorca-2-scaled-700x150.jpg 700w, https:\/\/miurltemporal.com/main/triatletasenred.sport.es\/wp-content\/uploads\/triatlon-menorca-2-300x64.jpg 300w, https:\/\/miurltemporal.com/main/triatletasenred.sport.es\/wp-content\/uploads\/triatlon-menorca-2-768x165.jpg 768w, https:\/\/miurltemporal.com/main/triatletasenred.sport.es\/wp-content\/uploads\/triatlon-menorca-2-1536x329.jpg 1536w, https:\/\/miurltemporal.com/main/triatletasenred.sport.es\/wp-content\/uploads\/triatlon-menorca-2-2048x439.jpg 2048w, https:\/\/miurltemporal.com/main/triatletasenred.sport.es\/wp-content\/uploads\/triatlon-menorca-2-696x149.jpg 696w, https:\/\/miurltemporal.com/main/triatletasenred.sport.es\/wp-content\/uploads\/triatlon-menorca-2-1068x229.jpg 1068w, https:\/\/miurltemporal.com/main/triatletasenred.sport.es\/wp-content\/uploads\/triatlon-menorca-2-1920x411.jpg 1920w, https:\/\/miurltemporal.com/main/triatletasenred.sport.es\/wp-content\/uploads\/triatlon-menorca-2-1960x420.jpg 1960w\" sizes=\"(max-width: 696px) 100vw, 696px\" \/><\/a><\/h3>\n<p>El Aquiles, ese tend\u00f3n que se cobra v\u00edctimas por doquier, ha sido especialmente severo con Tavo Rodr\u00edguez que, tras dos a\u00f1os de sufrimiento, dolores, altibajos o como el mismo ha definido, calvario<strong> ha obligado al de Tui a pasar por el quir\u00f3fano.<\/strong><\/p>\n<p>La operaci\u00f3n y el tratamiento posterior es el \u00faltimo recurso, y seguro que definitivo, para un Tavo que en los \u00faltimos a\u00f1os ha tenido un periodo agridulce. De un lado las dificultades en su objetivo de clasificarse para el Mundial Ironman. Un proceso que, ya complicado de por si, tuvo que lidiar con un cambi\u00f3 en los criterios de clasificaci\u00f3n que <strong>endurec\u00edan m\u00e1s las opciones para un triatleta de presupuesto &#8220;espa\u00f1ol&#8221;<\/strong> y que adem\u00e1s fren\u00f3 una pandemia. En el lado positivo, un nombre propio, <strong>Hector Catal\u00e0<\/strong> y una nueva disciplina para Tavo, el paratriatl\u00f3n.<\/p>\n<p>En lo (muy) positivo, Gustavo ha podido vivir como un profesional de nuestro deporte, ha conseguido diversos campeonatos entre los que la dupla se colg\u00f3 una medalla ol\u00edmpica y sin duda una gran amigo en el bueno de H\u00e9ctor.<\/p>\n<p><strong>Catal\u00e0 ha llegado a &#8220;premiar&#8221; y valorar la amistad y el trabajo conjunto con Tavo<\/strong> hasta el punto de competir juntos, a pesar de la complicada situaci\u00f3n, en el debut del valenciano en \u00a0media distancia, en Challenge Salou, y recientemente en todo un <a href=\"https:\/\/miurltemporal.com/main/triatletasenred.sport.es\/actualidad\/hector-catala-tavo-rodriguez\/\">Campeonato de Europa, noticia de la que nos hicimos eco semanas anteriores.\u00a0<\/a><\/p>\n<p>La tercera criatura en camino de Tavo y su pareja Aida Vali\u00f1o es, sin duda, otro aspecto positivo del a\u00f1o que no olvidar\u00e1 Gustavo y una fuente de inspiraci\u00f3n para regresar a la palestra que es donde merece y donde todos queremos que este.<\/p>\n<p>Tras el quir\u00f3fano empieza un periodo de rehabilitaci\u00f3n que si alguien va a sacar con nota es Tavo, no nos preocupa, sabemos que en el momento que sea, volveremos a tenerle compitiendo con su sonrisa habitual, o, por qu\u00e9 no, con alg\u00fan llanto de emoci\u00f3n, que alguno le hemos visto ya a\u00a0nuestro hippie de Tui!<\/p>\n<p>\u00a1\u00c1NIMO TAVO!<\/p>\n<p><a href=\"https:\/\/youtu.be\/vpdrU8Zi_kI\" rel=\"nofollow noopener\" target=\"_blank\">https:\/\/youtu.be\/vpdrU8Zi_kI<\/a><\/p>\n","protected":false},"excerpt":{"rendered":"<p>Nuestro admirado triatleta gallego no ha podido evitar el quir\u00f3fano como soluci\u00f3n a dos a\u00f1os deportivos que el mismo defini\u00f3 como &#8220;calvario&#8221; El Aquiles, ese tend\u00f3n que se cobra v\u00edctimas por doquier, ha sido especialmente severo con Tavo Rodr\u00edguez que, tras dos a\u00f1os de sufrimiento, dolores, altibajos o como el mismo ha definido, calvario ha [&hellip;]<\/p>\n","protected":false},"author":2,"featured_media":78524,"comment_status":"closed","ping_status":"closed","sticky":false,"template":"","format":"standard","meta":{"_acf_changed":false,"rank_math_lock_modified_date":false,"footnotes":""},"categories":[17],"tags":[9265],"class_list":{"0":"post-78523","1":"post","2":"type-post","3":"status-publish","4":"format-standard","5":"has-post-thumbnail","7":"category-actualidad","8":"tag-gustavo-rodriguez-quirofano"},"acf":[],"_links":{"self":[{"href":"https:\/\/miurltemporal.com/main/triatletasenred.sport.es\/wp-json\/wp\/v2\/posts\/78523"}],"collection":[{"href":"https:\/\/miurltemporal.com/main/triatletasenred.sport.es\/wp-json\/wp\/v2\/posts"}],"about":[{"href":"https:\/\/miurltemporal.com/main/triatletasenred.sport.es\/wp-json\/wp\/v2\/types\/post"}],"author":[{"embeddable":true,"href":"https:\/\/miurltemporal.com/main/triatletasenred.sport.es\/wp-json\/wp\/v2\/users\/2"}],"replies":[{"embeddable":true,"href":"https:\/\/miurltemporal.com/main/triatletasenred.sport.es\/wp-json\/wp\/v2\/comments?post=78523"}],"version-history":[{"count":1,"href":"https:\/\/miurltemporal.com/main/triatletasenred.sport.es\/wp-json\/wp\/v2\/posts\/78523\/revisions"}],"predecessor-version":[{"id":78525,"href":"https:\/\/miurltemporal.com/main/triatletasenred.sport.es\/wp-json\/wp\/v2\/posts\/78523\/revisions\/78525"}],"wp:featuredmedia":[{"embeddable":true,"href":"https:\/\/miurltemporal.com/main/triatletasenred.sport.es\/wp-json\/wp\/v2\/media\/78524"}],"wp:attachment":[{"href":"https:\/\/miurltemporal.com/main/triatletasenred.sport.es\/wp-json\/wp\/v2\/media?parent=78523"}],"wp:term":[{"taxonomy":"category","embeddable":true,"href":"https:\/\/miurltemporal.com/main/triatletasenred.sport.es\/wp-json\/wp\/v2\/categories?post=78523"},{"taxonomy":"post_tag","embeddable":true,"href":"https:\/\/miurltemporal.com/main/triatletasenred.sport.es\/wp-json\/wp\/v2\/tags?post=78523"}],"curies":[{"name":"wp","href":"https:\/\/api.w.org\/{rel}","templated":true}]}}