{"id":78519,"date":"2022-06-03T07:00:05","date_gmt":"2022-06-03T05:00:05","guid":{"rendered":"https:\/\/miurltemporal.com/main/triatletasenred.sport.es\/?p=78519"},"modified":"2022-06-03T00:38:45","modified_gmt":"2022-06-02T22:38:45","slug":"estos-son-los-5-pros-espanoles-que-lucharan-por-un-millon-de-dolares","status":"publish","type":"post","link":"https:\/\/miurltemporal.com/main/triatletasenred.sport.es\/actualidad\/estos-son-los-5-pros-espanoles-que-lucharan-por-un-millon-de-dolares\/","title":{"rendered":"Estos son los 5 pros espa\u00f1oles que luchar\u00e1n por un mill\u00f3n de d\u00f3lares"},"content":{"rendered":"<h3>Gurutze Frades, G\u00f3mez Noya, Pablo Dapena, Judith Corach\u00e1n y Sara P\u00e9rez estar\u00e1n el pr\u00f3ximo 23 de julio en el PTO Canadian Open<\/h3>\n<p><\/a><\/p>\n<p>\u00a1As\u00ed es! Los nuestros regresan a la primera l\u00ednea del triatl\u00f3n mundial de larga distancia con la invitaci\u00f3n por parte de la PTO de estar en el estreno del Canadian Open.<\/p>\n<p>No se trata de una prueba cualquiera de la PTO. El Canadian Open se inserta en el marco del PTO Tour, que sit\u00faa alrededor del mapa 5 eventos d\u00f3nde se bregar\u00e1 por una bolsa de premios de un mill\u00f3n de d\u00f3lares. Aquellos que tengan la mejor puntuaci\u00f3n a lo largo de estos tres eventos, se llevar\u00e1n &#8216;el gordo.&#8217;<\/p>\n<p>El resto de eventos son el PTO US Open, el PTO Asian Open, el PTO European Open y finalmente la Collins Cup, que ya se celebr\u00f3 el a\u00f1o pasado por todo lo alto. La idea principal es seguir promocionando el triatl\u00f3n profesional con este tipo de eventos medi\u00e1ticos, d\u00f3nde se incentiva la creaci\u00f3n de contenido para los atletas invitados y se genera comunidad y networking entre ellos. Todo ello repercute en una presencia mayor en los medios locales y nacionales.<\/p>\n<p>En el caso del Open de Canad\u00e1, las distancias ser\u00e1n las t\u00edpicas 2k de nado, 80km de bici y 18 de carrera a pie, con la posibilidad para los grupos de edad de tomar la salida en una carrera paralela. Sanders y Findlay jugar\u00e1n el papel de anfitriones, presentando el evento al mundo, con una producci\u00f3n equivalente a la ya vista en la Collins Cup.<\/p>\n<p>Evidentemente, se espera que el plantel en la l\u00ednea de salida sea enorme. Y de hecho, su situaci\u00f3n en el calendario lo hace perfectamente compatible para aquellos que preparen el mundial de Kona. No en vano, lo m\u00e1s seguro es que haya especialistas dedicados para este tipo de pruebas, d\u00f3nde una buena preparaci\u00f3n te puede acercar a un premio que muchos no conseguir\u00edan ni en 10 temporadas como profesionales.<\/p>\n<div class=\"youtube-embed\" data-video_id=\"lfCpikcEyZI\"><iframe title=\"100x100HALF,  un circuito de triatl\u00f3n muy femenino.\" width=\"696\" height=\"392\" src=\"https:\/\/www.youtube.com\/embed\/lfCpikcEyZI?start=1&#038;feature=oembed\" frameborder=\"0\" allow=\"accelerometer; autoplay; clipboard-write; encrypted-media; gyroscope; picture-in-picture\" allowfullscreen><\/iframe><\/div>\n","protected":false},"excerpt":{"rendered":"<p>Gurutze Frades, G\u00f3mez Noya, Pablo Dapena, Judith Corach\u00e1n y Sara P\u00e9rez estar\u00e1n el pr\u00f3ximo 23 de julio en el PTO Canadian Open<\/p>\n","protected":false},"author":309,"featured_media":78521,"comment_status":"closed","ping_status":"closed","sticky":false,"template":"","format":"standard","meta":{"_acf_changed":false,"rank_math_lock_modified_date":false,"footnotes":""},"categories":[17],"tags":[9264,4399,1042,3152,2483,7562,4882],"class_list":{"0":"post-78519","1":"post","2":"type-post","3":"status-publish","4":"format-standard","5":"has-post-thumbnail","7":"category-actualidad","8":"tag-canadian-open","9":"tag-gomez-noya","10":"tag-gurutze-frades","11":"tag-judith-corachan","12":"tag-pablo-dapena","13":"tag-pto","14":"tag-sara-perez"},"acf":[],"_links":{"self":[{"href":"https:\/\/miurltemporal.com/main/triatletasenred.sport.es\/wp-json\/wp\/v2\/posts\/78519"}],"collection":[{"href":"https:\/\/miurltemporal.com/main/triatletasenred.sport.es\/wp-json\/wp\/v2\/posts"}],"about":[{"href":"https:\/\/miurltemporal.com/main/triatletasenred.sport.es\/wp-json\/wp\/v2\/types\/post"}],"author":[{"embeddable":true,"href":"https:\/\/miurltemporal.com/main/triatletasenred.sport.es\/wp-json\/wp\/v2\/users\/309"}],"replies":[{"embeddable":true,"href":"https:\/\/miurltemporal.com/main/triatletasenred.sport.es\/wp-json\/wp\/v2\/comments?post=78519"}],"version-history":[{"count":2,"href":"https:\/\/miurltemporal.com/main/triatletasenred.sport.es\/wp-json\/wp\/v2\/posts\/78519\/revisions"}],"predecessor-version":[{"id":78522,"href":"https:\/\/miurltemporal.com/main/triatletasenred.sport.es\/wp-json\/wp\/v2\/posts\/78519\/revisions\/78522"}],"wp:featuredmedia":[{"embeddable":true,"href":"https:\/\/miurltemporal.com/main/triatletasenred.sport.es\/wp-json\/wp\/v2\/media\/78521"}],"wp:attachment":[{"href":"https:\/\/miurltemporal.com/main/triatletasenred.sport.es\/wp-json\/wp\/v2\/media?parent=78519"}],"wp:term":[{"taxonomy":"category","embeddable":true,"href":"https:\/\/miurltemporal.com/main/triatletasenred.sport.es\/wp-json\/wp\/v2\/categories?post=78519"},{"taxonomy":"post_tag","embeddable":true,"href":"https:\/\/miurltemporal.com/main/triatletasenred.sport.es\/wp-json\/wp\/v2\/tags?post=78519"}],"curies":[{"name":"wp","href":"https:\/\/api.w.org\/{rel}","templated":true}]}}