{"id":78408,"date":"2022-05-20T12:39:01","date_gmt":"2022-05-20T10:39:01","guid":{"rendered":"https:\/\/miurltemporal.com/main/triatletasenred.sport.es\/?p=78408"},"modified":"2022-05-20T12:39:01","modified_gmt":"2022-05-20T10:39:01","slug":"eneko-llanos-vi-half-gasteiz","status":"publish","type":"post","link":"https:\/\/miurltemporal.com/main/triatletasenred.sport.es\/actualidad\/eneko-llanos-vi-half-gasteiz\/","title":{"rendered":"Eneko Llanos se suma a la edici\u00f3n inaugural de vi half gasteiz"},"content":{"rendered":"<h3>&#8220;El Kaiser&#8221; no ha dejado pasar la oportunidad de participar en esta primera edici\u00f3n del triatl\u00f3n de media distancia y de volver a correr en casa.<\/h3>\n<p><a href=\"https:\/\/zone3.es\/\" rel=\"nofollow noopener\" target=\"_blank\"><img fetchpriority=\"high\" decoding=\"async\" class=\"aligncenter size-full wp-image-66903\" src=\"https:\/\/miurltemporal.com/main/triatletasenred.sport.es\/wp-content\/uploads\/Banner-Zone3-746x149px.gif\" alt=\"\" width=\"746\" height=\"149\" \/><\/a><\/p>\n<p>vi half gasteiz sonaba hace unos meses como un proyecto ambicioso que, semana tras semana ha ido tomando forma y seriedad hasta el punto de presentar en su primera lista de salida a toda una instituci\u00f3n en Vitoria y en el triatl\u00f3n nacional e internacional como es Eneko Llanos.<\/p>\n<blockquote class=\"td_quote_box td_box_center\">\n<h3>\u201cHe seguido la evoluci\u00f3n de este evento y he podido ver el cari\u00f1o y mimo con el que se est\u00e1 organizando. Correr en casa es siempre motivo de peso y los recorridos y filosof\u00eda que presentan supone una excusa perfecta para competir en casa y disfrutar del ambiente de esta ciudad\u201d<\/h3>\n<\/blockquote>\n<p>Una gran noticia sin duda para la organizaci\u00f3n de este emergente triatl\u00f3n de media distancia, el club Aloha Triatl\u00f3n, y para tod@s l@s participantes que van a compartir espacio con nuestro admirado Eneko Llanos.<\/p>\n<blockquote class=\"td_quote_box td_box_center\">\n<h4>\u201cDebo confesar que me ha emocionado much\u00edsimo saber que una instituci\u00f3n como Eneko Llanos se suma a nuestra lista de salida. Para nosotros, como vitorianos y como triatletas, el simple hecho de que se fije un referente como Eneko Llanos en vi half gasteiz es un orgullo y un plus de motivaci\u00f3n para dar a los y las participantes lo mejor de nosotros para hacer de este evento una fiesta del deporte alav\u00e9s&#8221;<\/h4>\n<\/blockquote>\n<p>As\u00ed expresaba la acogida de &#8220;El Kaiser&#8221; Alain Fontecha, responsable, junto a Eneko Alonso de la salida &#8220;a bolsa&#8221; de este vi half gasteiz.<\/p>\n<h3>UNA START LIST M\u00c1S QUE INTERESANTE<\/h3>\n<hr \/>\n<p class=\"text-build-content\" data-testid=\"A8MHkLeSNt\">Eneko Llanos se suma a un cartel \u00e9lite nada despreciable para una primera edici\u00f3n. En Garaio, punto donde arranca este vi half gasteiz, se va a medir a dos hombres que subieron al podio del Campeonato de Espa\u00f1a de larga distancia el pasado m\u00e9s de mayo como son el vasco <strong>Mikel Ugarte<\/strong> y el catal\u00e1n <strong>Roger Many\u00e0<\/strong>. Otro triatleta inscrito es el valenciano <strong>Joan Colino<\/strong> compa\u00f1ero de Ugarte en el<strong> conjunto profesional ANB.<\/strong><\/p>\n<p class=\"text-build-content\" data-testid=\"A8MHkLeSNt\">En f\u00e9minas destaca la presencia de la catalana <strong>Sara Loehr,<\/strong> vigente oro paral\u00edmpico en Tokio como gu\u00eda de la gallega <strong>Susana Rodr\u00edguez<\/strong>, que vuelve a competir en la media distancia tras un periodo de par\u00f3n en el que se ha concentrado en su ciclo paral\u00edmpico. Otra hist\u00f3rica del triatl\u00f3n nacional como es la sevillana <strong>Maria Pujol<\/strong> que tras su reciente maternidad ha vuelto a las competiciones proclam\u00e1ndose recientemente campeona de Espa\u00f1a por clubes sumando su experiencia al ANB y otra reciente incorporaci\u00f3n es la triatleta canaria, afincada en Vitoria y campeona de Espa\u00f1a de Media distancia en 2017 <strong>Ruth Brito.<\/strong><\/p>\n<p><a href=\"https:\/\/youtu.be\/7N331ORM1ZM\" rel=\"nofollow noopener\" target=\"_blank\">https:\/\/youtu.be\/7N331ORM1ZM<\/a><\/p>\n<p>&nbsp;<\/p>\n","protected":false},"excerpt":{"rendered":"<p>&#8220;El Kaiser&#8221; no ha dejado pasar la oportunidad de participar en esta primera edici\u00f3n del triatl\u00f3n de media distancia y de correr en casa.\u00a0<\/p>\n","protected":false},"author":2,"featured_media":78409,"comment_status":"closed","ping_status":"closed","sticky":false,"template":"","format":"standard","meta":{"_acf_changed":false,"rank_math_lock_modified_date":false,"footnotes":""},"categories":[17],"tags":[],"class_list":{"0":"post-78408","1":"post","2":"type-post","3":"status-publish","4":"format-standard","5":"has-post-thumbnail","7":"category-actualidad"},"acf":[],"_links":{"self":[{"href":"https:\/\/miurltemporal.com/main/triatletasenred.sport.es\/wp-json\/wp\/v2\/posts\/78408"}],"collection":[{"href":"https:\/\/miurltemporal.com/main/triatletasenred.sport.es\/wp-json\/wp\/v2\/posts"}],"about":[{"href":"https:\/\/miurltemporal.com/main/triatletasenred.sport.es\/wp-json\/wp\/v2\/types\/post"}],"author":[{"embeddable":true,"href":"https:\/\/miurltemporal.com/main/triatletasenred.sport.es\/wp-json\/wp\/v2\/users\/2"}],"replies":[{"embeddable":true,"href":"https:\/\/miurltemporal.com/main/triatletasenred.sport.es\/wp-json\/wp\/v2\/comments?post=78408"}],"version-history":[{"count":1,"href":"https:\/\/miurltemporal.com/main/triatletasenred.sport.es\/wp-json\/wp\/v2\/posts\/78408\/revisions"}],"predecessor-version":[{"id":78410,"href":"https:\/\/miurltemporal.com/main/triatletasenred.sport.es\/wp-json\/wp\/v2\/posts\/78408\/revisions\/78410"}],"wp:featuredmedia":[{"embeddable":true,"href":"https:\/\/miurltemporal.com/main/triatletasenred.sport.es\/wp-json\/wp\/v2\/media\/78409"}],"wp:attachment":[{"href":"https:\/\/miurltemporal.com/main/triatletasenred.sport.es\/wp-json\/wp\/v2\/media?parent=78408"}],"wp:term":[{"taxonomy":"category","embeddable":true,"href":"https:\/\/miurltemporal.com/main/triatletasenred.sport.es\/wp-json\/wp\/v2\/categories?post=78408"},{"taxonomy":"post_tag","embeddable":true,"href":"https:\/\/miurltemporal.com/main/triatletasenred.sport.es\/wp-json\/wp\/v2\/tags?post=78408"}],"curies":[{"name":"wp","href":"https:\/\/api.w.org\/{rel}","templated":true}]}}