{"id":78245,"date":"2022-05-03T08:32:20","date_gmt":"2022-05-03T06:32:20","guid":{"rendered":"https:\/\/miurltemporal.com/main/triatletasenred.sport.es\/?p=78245"},"modified":"2022-05-03T08:32:36","modified_gmt":"2022-05-03T06:32:36","slug":"vivetriatlondesevilla","status":"publish","type":"post","link":"https:\/\/miurltemporal.com/main/triatletasenred.sport.es\/competiciones\/vivetriatlondesevilla\/","title":{"rendered":"Vive la Fiesta del Austral Triatl\u00f3n de Sevilla antes de que suba de precio"},"content":{"rendered":"<p><strong>El pr\u00f3ximo 22 de mayo tendr\u00e1 lugar la 25 Edici\u00f3n del m\u00edtico Triatl\u00f3n de Sevilla \u00a1Y puedes inscribirte antes de que suba de precio el 5 de Mayo!<\/strong><\/p>\n<p><a href=\"https:\/\/nutrisport.es\/web\/nutricionparatriatlon\/\" rel=\"nofollow noopener\" target=\"_blank\"><img fetchpriority=\"high\" decoding=\"async\" class=\"alignnone size-full wp-image-58138\" src=\"https:\/\/miurltemporal.com/main/triatletasenred.sport.es\/wp-content\/uploads\/banner_2.jpg\" alt=\"\" width=\"3125\" height=\"417\" \/><\/a><\/p>\n<p>Si unimos una <strong>fecha perfecta<\/strong>, donde el <strong>buen clima<\/strong> est\u00e1 casi asegurado, <strong>sin excesiva calor<\/strong>, unos <strong>circuitos de ciclismo y carrera a pie totalmente llanos, <\/strong>el lujo de nadar en las aguas del Rio Guadalquivir\u00a0y la <strong>magia<\/strong> de la ciudad hispalense, tenemos como resultado el Austral Triatl\u00f3n de Sevilla.<\/p>\n<p>En el podr\u00e1s optar por cualquier distancia, desde <strong>SuperSprint<\/strong>, para aquellos que se inician, <strong>Sprint<\/strong> para los y las triatletas mas explosivas o distancia Ol\u00edmpica para los y las puristas de la distancia, qie este a\u00f1o adem\u00e1s ser\u00e1 la sede del <strong>Campeonato de Andaluc\u00eda<\/strong> de esta modalidad.<\/p>\n<p>Ademas de estas tres, existe la modalidad de <strong>igualdad<\/strong>, para aquellas parejas que quieren meter el gusanillo de este deporte a su acompa\u00f1ante.<\/p>\n<p>En todas estas modalidades est\u00e1n totalmente integradas las <strong>categor\u00edas de Paratriatl\u00f3n<\/strong>, las cuales cuentan con todas las necesidades cubiertas y trofeos seg\u00fan <strong>su diversidad<\/strong>.<\/p>\n<p>Con motivo de su 25 aniversario el evento ha dinamizado esta edici\u00f3n especial con <strong>actividades espec\u00edficas<\/strong> en los meses previos al mismo con grandes deportistas sevillanos a nivel internacional, adem\u00e1s, de contar con <strong>env\u00edos de planes de entrenamientos <\/strong><strong>espec\u00edficos de cada modalidad<\/strong> para todos sus inscritos e inscritas.<\/p>\n<p>\u201c<em>Para OF SPORT es <strong>un orgullo y un plus de motivaci\u00f3n<\/strong> organizar esta edici\u00f3n tan especial y seguir haciendo historia con el triatl\u00f3n en nuestra ciudad, Sevilla. Contamos con un gran equipo de trabajo, el apoyo de instituciones y patrocinadores y tenemos <strong>el mejor escenario posible<\/strong>. El 22 de mayo tendremos una gran fiesta del deporte para celebrarlo como merece<\/em>\u201d comentaba Nieves Infante, responsable de la empresa organizadora.<\/p>\n<p><span class=\"td_btn td_btn_md td_outlined_btn\">INSCIRPCIONES Y MAS INFO AQU\u00cd<\/span><\/p>\n<p>https:\/\/www.youtube.com\/watch?v=xwzam2DKVlQ<\/p>\n","protected":false},"excerpt":{"rendered":"<p>El pr\u00f3ximo 22 de mayo tendr\u00e1 lugar la 25 Edici\u00f3n del m\u00edtico Triatl\u00f3n de Sevilla \u00a1Y puedes inscribirte HOY antes de que suba de precio!<\/p>\n","protected":false},"author":322,"featured_media":78246,"comment_status":"closed","ping_status":"closed","sticky":false,"template":"","format":"standard","meta":{"_acf_changed":false,"rank_math_lock_modified_date":false,"footnotes":""},"categories":[19,1191],"tags":[],"class_list":{"0":"post-78245","1":"post","2":"type-post","3":"status-publish","4":"format-standard","5":"has-post-thumbnail","7":"category-competiciones","8":"category-triatlon"},"acf":[],"_links":{"self":[{"href":"https:\/\/miurltemporal.com/main/triatletasenred.sport.es\/wp-json\/wp\/v2\/posts\/78245"}],"collection":[{"href":"https:\/\/miurltemporal.com/main/triatletasenred.sport.es\/wp-json\/wp\/v2\/posts"}],"about":[{"href":"https:\/\/miurltemporal.com/main/triatletasenred.sport.es\/wp-json\/wp\/v2\/types\/post"}],"author":[{"embeddable":true,"href":"https:\/\/miurltemporal.com/main/triatletasenred.sport.es\/wp-json\/wp\/v2\/users\/322"}],"replies":[{"embeddable":true,"href":"https:\/\/miurltemporal.com/main/triatletasenred.sport.es\/wp-json\/wp\/v2\/comments?post=78245"}],"version-history":[{"count":3,"href":"https:\/\/miurltemporal.com/main/triatletasenred.sport.es\/wp-json\/wp\/v2\/posts\/78245\/revisions"}],"predecessor-version":[{"id":78270,"href":"https:\/\/miurltemporal.com/main/triatletasenred.sport.es\/wp-json\/wp\/v2\/posts\/78245\/revisions\/78270"}],"wp:featuredmedia":[{"embeddable":true,"href":"https:\/\/miurltemporal.com/main/triatletasenred.sport.es\/wp-json\/wp\/v2\/media\/78246"}],"wp:attachment":[{"href":"https:\/\/miurltemporal.com/main/triatletasenred.sport.es\/wp-json\/wp\/v2\/media?parent=78245"}],"wp:term":[{"taxonomy":"category","embeddable":true,"href":"https:\/\/miurltemporal.com/main/triatletasenred.sport.es\/wp-json\/wp\/v2\/categories?post=78245"},{"taxonomy":"post_tag","embeddable":true,"href":"https:\/\/miurltemporal.com/main/triatletasenred.sport.es\/wp-json\/wp\/v2\/tags?post=78245"}],"curies":[{"name":"wp","href":"https:\/\/api.w.org\/{rel}","templated":true}]}}