{"id":78065,"date":"2022-04-12T07:00:58","date_gmt":"2022-04-12T05:00:58","guid":{"rendered":"https:\/\/miurltemporal.com/main/triatletasenred.sport.es\/?p=78065"},"modified":"2022-04-12T08:00:19","modified_gmt":"2022-04-12T06:00:19","slug":"pto-los-angeles","status":"publish","type":"post","link":"https:\/\/miurltemporal.com/main/triatletasenred.sport.es\/actualidad\/pto-los-angeles\/","title":{"rendered":"La PTO l\u00eda una buena para la semana siguiente de St George"},"content":{"rendered":"<h3>El pr\u00f3ximo 15 de mayo, la PTO organiza la primera parada del Pro Am, que juntar\u00e1 a los mejores del planeta, con mucho dinero en juego, mucha fatiga de St George, pero una buena causa<\/h3>\n<p><\/a><\/p>\n<p>La Professional Triathletes Organisation (PTO) anunci\u00f3 hoy la lista completa de los Profesionales de la PTO mejor clasificados que competir\u00e1n en el PTO Pro Am en el evento Herbalife24 Triathlon Los Angeles de este a\u00f1o el domingo 15 de mayo de 2022.<\/p>\n<p>Si hay algo que ha caracterizado al triatl\u00f3n, ha sido intentar ser un deporte contempor\u00e1neo, que vaya de la mano de la integraci\u00f3n, la igualdad y todos los valores fundacionales de un deporte que a\u00fana tres disciplinas tan nobles.<\/p>\n<p>De eso mismo trata el\u00a0Pro Am, el primer evento en el que podremos ver a los mejores profesionales del mundo de la media y la larga distancia, formando equipo con atletas con discapacidad f\u00edsica y deportistas amateurs, en el bautizado como<em> Celebrity Team Relay<\/em>.<\/p>\n<p>Ser\u00e1n 10 los deportistas que formen parte del\u00a0Challenged Athletes Foundation (CAF) quienes liderar\u00e1n la nataci\u00f3n, para entregar luego el relevo a uno de los pros, que a su vez lo entregar\u00e1n a una personalidad invitada.<\/p>\n<p>El top 5 masculino <strong>\u2013Iden,<\/strong>\u00a0<strong>Frodeno,<\/strong>\u00a0<strong>Sanders, Baekegard<\/strong> y <strong>Long<\/strong>\u2013 y algunas de las tops femeninas \u2013<strong>Philipp,\u00a0Moench,\u00a0Findlay, Lawrence <\/strong>y<strong> Jackson<\/strong>\u2013 estar\u00e1n presentes en la cita. Adem\u00e1s, se disputar\u00e1 una prueba por relevos mixtos y un seguido de pruebas de diferentes distancias y formatos, destinadas a los grupos de edad.<\/p>\n<p>\u00a1Y ojo! Que no por ser un proyecto de inclusi\u00f3n, no quiere decir que los atletas no vayan a dar su 100% (el que quede despu\u00e9s de St.George), ya que la PTO se ha asegurado de cargar bien la bolsa de premios. En efecto, se repartir\u00e1n 100.000 d\u00f3lares en una prueba d\u00f3nde el principal patrocinador es Herbalife, que pone nombre al evento. Y se podr\u00e1 ver en directo.<\/p>\n<p>En el siguiente <a href=\"https:\/\/events.protriathletes.org\/pto-pro-am\/herbalife-los-angeles-2022\/\" rel=\"nofollow noopener\" target=\"_blank\">link,<\/a> se pueden consultar m\u00e1s detalles del evento, adem\u00e1s de la posibilidad de conocer a los 10 atletas de la CAF que abrir\u00e1n la lata de este primer Pro-Am.<\/p>\n<div class=\"youtube-embed\" data-video_id=\"0srCUhKfvS8\"><iframe title=\"\u00bfQue hay DETR\u00c1S de un equipo PROFESIONAL de triatl\u00f3n? A fondo con el ANB\" width=\"696\" height=\"392\" src=\"https:\/\/www.youtube.com\/embed\/0srCUhKfvS8?feature=oembed&#038;enablejsapi=1\" frameborder=\"0\" allow=\"accelerometer; autoplay; clipboard-write; encrypted-media; gyroscope; picture-in-picture\" allowfullscreen><\/iframe><\/div>\n","protected":false},"excerpt":{"rendered":"<p>El pr\u00f3ximo 15 de mayo, la PTO organiza la primera parada del Pro Am, que juntar\u00e1 a los mejores del planeta por una buena causa<\/p>\n","protected":false},"author":309,"featured_media":78067,"comment_status":"closed","ping_status":"closed","sticky":false,"template":"","format":"standard","meta":{"_acf_changed":false,"rank_math_lock_modified_date":false,"footnotes":""},"categories":[17],"tags":[9214,9215,7562],"class_list":{"0":"post-78065","1":"post","2":"type-post","3":"status-publish","4":"format-standard","5":"has-post-thumbnail","7":"category-actualidad","8":"tag-los-angeles","9":"tag-pro-am","10":"tag-pto"},"acf":[],"_links":{"self":[{"href":"https:\/\/miurltemporal.com/main/triatletasenred.sport.es\/wp-json\/wp\/v2\/posts\/78065"}],"collection":[{"href":"https:\/\/miurltemporal.com/main/triatletasenred.sport.es\/wp-json\/wp\/v2\/posts"}],"about":[{"href":"https:\/\/miurltemporal.com/main/triatletasenred.sport.es\/wp-json\/wp\/v2\/types\/post"}],"author":[{"embeddable":true,"href":"https:\/\/miurltemporal.com/main/triatletasenred.sport.es\/wp-json\/wp\/v2\/users\/309"}],"replies":[{"embeddable":true,"href":"https:\/\/miurltemporal.com/main/triatletasenred.sport.es\/wp-json\/wp\/v2\/comments?post=78065"}],"version-history":[{"count":6,"href":"https:\/\/miurltemporal.com/main/triatletasenred.sport.es\/wp-json\/wp\/v2\/posts\/78065\/revisions"}],"predecessor-version":[{"id":78081,"href":"https:\/\/miurltemporal.com/main/triatletasenred.sport.es\/wp-json\/wp\/v2\/posts\/78065\/revisions\/78081"}],"wp:featuredmedia":[{"embeddable":true,"href":"https:\/\/miurltemporal.com/main/triatletasenred.sport.es\/wp-json\/wp\/v2\/media\/78067"}],"wp:attachment":[{"href":"https:\/\/miurltemporal.com/main/triatletasenred.sport.es\/wp-json\/wp\/v2\/media?parent=78065"}],"wp:term":[{"taxonomy":"category","embeddable":true,"href":"https:\/\/miurltemporal.com/main/triatletasenred.sport.es\/wp-json\/wp\/v2\/categories?post=78065"},{"taxonomy":"post_tag","embeddable":true,"href":"https:\/\/miurltemporal.com/main/triatletasenred.sport.es\/wp-json\/wp\/v2\/tags?post=78065"}],"curies":[{"name":"wp","href":"https:\/\/api.w.org\/{rel}","templated":true}]}}