{"id":78038,"date":"2022-04-07T06:59:05","date_gmt":"2022-04-07T04:59:05","guid":{"rendered":"https:\/\/miurltemporal.com/main/triatletasenred.sport.es\/?p=78038"},"modified":"2022-04-07T01:39:49","modified_gmt":"2022-04-06T23:39:49","slug":"nicola-spirig-se-retirara-este-ano-despues-del-sub-8h","status":"publish","type":"post","link":"https:\/\/miurltemporal.com/main/triatletasenred.sport.es\/actualidad\/nicola-spirig-se-retirara-este-ano-despues-del-sub-8h\/","title":{"rendered":"Nicola Spirig se retirar\u00e1 este a\u00f1o despu\u00e9s del sub 8h"},"content":{"rendered":"<h3>Despu\u00e9s de ganarlo todo como triatleta (siempre la faltar\u00e1 Kona), la suiza cerrar\u00e1 su dilatada trayectoria en el trideporte con el reto Pho3nix<\/h3>\n<p><a href=\"https:\/\/www.swimnolimits.com\" rel=\"nofollow noopener\" target=\"_blank\"><img fetchpriority=\"high\" decoding=\"async\" class=\"aligncenter size-full wp-image-77830\" src=\"https:\/\/miurltemporal.com/main/triatletasenred.sport.es\/wp-content\/uploads\/Banner-SwimNoLimits-700x150-1.gif\" alt=\"\" width=\"700\" height=\"150\" \/><\/a><\/p>\n<p>Despu\u00e9s de soprender a todo el mundo ganando pruebas de corta, media y probarse como atleta a sus m\u00e1s de 40 a\u00f1os, Nicola Spirig ha decidido que su hora ha llegado. Sin embargo, Spirig se ha guardado su mejor versi\u00f3n para el Sub8, que ella misma revela que es lo \u00fanico que le motiva ahora. Y es que en una deportista de esta talla, una declaraci\u00f3n de intenciones as\u00ed, no deber\u00eda tomarse como farol&#8230;<\/p>\n<p>Sin embargo, lo consiga o no, Spirig quiere dedicar sus pr\u00f3ximos a\u00f1os a su familia y a otros proyectos quiz\u00e1s relacionados con el deporte.<\/p>\n<p>\u201cDurante los \u00faltimos 25 a\u00f1os, he logrado casi todo con lo que siempre so\u00f1\u00e9, tanto atl\u00e9tica como personalmente. He podido participar en cinco Juegos Ol\u00edmpicos, he ganado dos medallas ol\u00edmpicas y siete Europeos. He sido la Deportista del A\u00f1o de Suiza, he construido una fundaci\u00f3n y la serie Kids Cup, y soy mam\u00e1 de tres hijos maravillosos. Estar\u00e9 siempre agradecida con los que me han acompa\u00f1ado en este camino, haci\u00e9ndome experimentar la plenitud humana a trav\u00e9s del deporte. Estoy en paz, por eso he decidido retirarme del triatl\u00f3n profesional al final de la presente temporada.&#8221;<\/p>\n<p>Sprig agradec\u00eda a su familia y al art\u00edfice de tantos \u00e9xitos, su entrenador <strong>Brett Sutton.<\/strong> Junto a \u00e9l ha conseguido transformar el motor de corta, a uno capaz de rendir en las distancia que sea. Una combinaci\u00f3n letal dada su actitud de hierro.<\/p>\n<p>Tras 25 a\u00f1os de carrera, el proyecto Sub8 ser\u00e1 su \u00fanico foco en lo que va de temporada, aunque quiz\u00e1s acuda a pruebas locales para recibir el cari\u00f1o de su gente.<\/p>\n<p>El palmar\u00e9s de <strong>Spirig<\/strong> incluye el oro Ol\u00edmpico en 2012, Dos Campeonetos de Europa en 2009 y 2010, adem\u00e1s del sinf\u00edn de pruebas ITU y sin drafting en estos \u00faltimos a\u00f1os.<\/p>\n","protected":false},"excerpt":{"rendered":"<p>Despu\u00e9s de ganarlo todo como triatleta (siempre la faltar\u00e1 Kona), la suiza cerrar\u00e1 su dilatada trayectoria en el trideporte con el reto Pho3nix Despu\u00e9s de soprender a todo el mundo ganando pruebas de corta, media y probarse como atleta a sus m\u00e1s de 40 a\u00f1os, Nicola Spirig ha decidido que su hora ha llegado. Sin [&hellip;]<\/p>\n","protected":false},"author":309,"featured_media":74114,"comment_status":"closed","ping_status":"closed","sticky":false,"template":"","format":"standard","meta":{"_acf_changed":false,"rank_math_lock_modified_date":false,"footnotes":""},"categories":[17],"tags":[2825],"class_list":{"0":"post-78038","1":"post","2":"type-post","3":"status-publish","4":"format-standard","5":"has-post-thumbnail","7":"category-actualidad","8":"tag-nicola-spirig"},"acf":[],"_links":{"self":[{"href":"https:\/\/miurltemporal.com/main/triatletasenred.sport.es\/wp-json\/wp\/v2\/posts\/78038"}],"collection":[{"href":"https:\/\/miurltemporal.com/main/triatletasenred.sport.es\/wp-json\/wp\/v2\/posts"}],"about":[{"href":"https:\/\/miurltemporal.com/main/triatletasenred.sport.es\/wp-json\/wp\/v2\/types\/post"}],"author":[{"embeddable":true,"href":"https:\/\/miurltemporal.com/main/triatletasenred.sport.es\/wp-json\/wp\/v2\/users\/309"}],"replies":[{"embeddable":true,"href":"https:\/\/miurltemporal.com/main/triatletasenred.sport.es\/wp-json\/wp\/v2\/comments?post=78038"}],"version-history":[{"count":1,"href":"https:\/\/miurltemporal.com/main/triatletasenred.sport.es\/wp-json\/wp\/v2\/posts\/78038\/revisions"}],"predecessor-version":[{"id":78043,"href":"https:\/\/miurltemporal.com/main/triatletasenred.sport.es\/wp-json\/wp\/v2\/posts\/78038\/revisions\/78043"}],"wp:featuredmedia":[{"embeddable":true,"href":"https:\/\/miurltemporal.com/main/triatletasenred.sport.es\/wp-json\/wp\/v2\/media\/74114"}],"wp:attachment":[{"href":"https:\/\/miurltemporal.com/main/triatletasenred.sport.es\/wp-json\/wp\/v2\/media?parent=78038"}],"wp:term":[{"taxonomy":"category","embeddable":true,"href":"https:\/\/miurltemporal.com/main/triatletasenred.sport.es\/wp-json\/wp\/v2\/categories?post=78038"},{"taxonomy":"post_tag","embeddable":true,"href":"https:\/\/miurltemporal.com/main/triatletasenred.sport.es\/wp-json\/wp\/v2\/tags?post=78038"}],"curies":[{"name":"wp","href":"https:\/\/api.w.org\/{rel}","templated":true}]}}