{"id":78035,"date":"2022-04-06T18:35:25","date_gmt":"2022-04-06T16:35:25","guid":{"rendered":"https:\/\/miurltemporal.com/main/triatletasenred.sport.es\/?p=78035"},"modified":"2022-04-06T18:37:30","modified_gmt":"2022-04-06T16:37:30","slug":"exclusivajudithcorachan","status":"publish","type":"post","link":"https:\/\/miurltemporal.com/main/triatletasenred.sport.es\/videos-triatlon\/exclusivajudithcorachan\/","title":{"rendered":"Las perlas de Judith Corach\u00e1n en nuestra charla Exclusiva"},"content":{"rendered":"<p><strong>Judith Corach\u00e1n nos desvela en esta entrevista su nuevo rumbo en el Triatl\u00f3n y las novedades mas importantes en su vida deportiva.<\/strong><\/p>\n<p><a href=\"https:\/\/www.1406inn.com\" rel=\"nofollow noopener\" target=\"_blank\"><img fetchpriority=\"high\" decoding=\"async\" class=\"alignnone size-full wp-image-75451\" src=\"https:\/\/miurltemporal.com/main/triatletasenred.sport.es\/wp-content\/uploads\/Tradeinn1406_700x150-1.jpg\" alt=\"\" width=\"700\" height=\"150\" srcset=\"https:\/\/miurltemporal.com/main/triatletasenred.sport.es\/wp-content\/uploads\/Tradeinn1406_700x150-1.jpg 700w, https:\/\/miurltemporal.com/main/triatletasenred.sport.es\/wp-content\/uploads\/Tradeinn1406_700x150-1-300x64.jpg 300w, https:\/\/miurltemporal.com/main/triatletasenred.sport.es\/wp-content\/uploads\/Tradeinn1406_700x150-1-696x150.jpg 696w\" sizes=\"(max-width: 700px) 100vw, 700px\" \/><\/a><\/p>\n<h3><strong>RENUNCIA AL MUNDIAL IROMAN<\/strong><\/h3>\n<p>El cambio de sede de este a\u00f1o del Campeonato del Mundo de Iroman a <strong>St. George en Utah<\/strong>, ha hecho que Judith modifique sus objetivos de la temporada 2022, a pesar de haber conseguido plaza. Como a otros muchos triatletas, su motivaci\u00f3n estaba enfocada en Hawai, y ahora con Utah en Calendario esta motivaci\u00f3n es diferente.<\/p>\n<p>Corach\u00e1n nos ha aclarado que esto no significa que no vuelva a intentar clasificarse para el Mundial, sino que lo retrasar\u00e1 para otro a\u00f1o.<\/p>\n<h3><strong>EL NUEVO EQUIPO DE JUDITH<\/strong><\/h3>\n<p>&#8220;Lleg\u00f3 en el momento justo&#8221;, as\u00ed es como Judith nos describe su entrada en el nuevo club ANB Triathlon, o como ella misma dice, una familia mas que un club. Despu\u00e9s del &#8220;palo&#8221; de Hawai, Judith ha encontrado un nuevo aliciente al encontrarse con esta nueva propuesta por parte del ANB, donde le han dado todo tipo de facilidades, tanto a nivel de libertad de competiciones y compromisos como por los nuevos &#8220;juguetitos&#8221;, como la nueva Cervelo F5.<\/p>\n<h3><strong>OBJETIVOS DE LA TEMPORADA<\/strong><\/h3>\n<p>Con ese nuevo &#8220;juguetito&#8221;, Judith afrontar\u00e1 sus principales pruebas de 2022, como son el Half de Pamplona, una prueba que nos confirma que ten\u00eda muchas ganas de competir, y justo 7 d\u00edas despu\u00e9s, el Iroman de TADEINN 140.6INN, que siendo este a\u00f1o Campeonato de Espa\u00f1a de Larga Distancia, Judith no quiere perderse e intentar\u00e1 competir al mejor nivel posible.<\/p>\n<h3><strong>EL TRIATL\u00d3N FEMENINO<\/strong><\/h3>\n<p>Judith, tanto desde su visi\u00f3n como deportista como la de entrenadora, se alegra y ve como cada d\u00eda mas chicas se introducen en el mundo del Triatl\u00f3n, con una cantera que va creciendo y que empuja fuerte desde abajo y con las chicas mas veteranas hacen que el triatl\u00f3n femenino cada vez sea mas visible.<\/p>\n<div class=\"youtube-embed\" data-video_id=\"n0q0DeJzj8I\"><iframe title=\"Triatl\u00f3n en vena \ud83d\udc89 Nuevos horizontes para JUDITH CORACH\u00c1N\" width=\"696\" height=\"392\" src=\"https:\/\/www.youtube.com\/embed\/n0q0DeJzj8I?feature=oembed&#038;enablejsapi=1\" frameborder=\"0\" allow=\"accelerometer; autoplay; clipboard-write; encrypted-media; gyroscope; picture-in-picture; web-share\" referrerpolicy=\"strict-origin-when-cross-origin\" allowfullscreen><\/iframe><\/div>\n","protected":false},"excerpt":{"rendered":"<p>Judith Corach\u00e1n nos desvela en esta entrevista su nuevo rumbo en el Triatl\u00f3n y las novedades mas importantes en su vida deportiva.<\/p>\n","protected":false},"author":322,"featured_media":78036,"comment_status":"closed","ping_status":"closed","sticky":false,"template":"","format":"standard","meta":{"_acf_changed":false,"rank_math_lock_modified_date":false,"footnotes":""},"categories":[8157],"tags":[],"class_list":{"0":"post-78035","1":"post","2":"type-post","3":"status-publish","4":"format-standard","5":"has-post-thumbnail","7":"category-videos-triatlon"},"acf":[],"_links":{"self":[{"href":"https:\/\/miurltemporal.com/main/triatletasenred.sport.es\/wp-json\/wp\/v2\/posts\/78035"}],"collection":[{"href":"https:\/\/miurltemporal.com/main/triatletasenred.sport.es\/wp-json\/wp\/v2\/posts"}],"about":[{"href":"https:\/\/miurltemporal.com/main/triatletasenred.sport.es\/wp-json\/wp\/v2\/types\/post"}],"author":[{"embeddable":true,"href":"https:\/\/miurltemporal.com/main/triatletasenred.sport.es\/wp-json\/wp\/v2\/users\/322"}],"replies":[{"embeddable":true,"href":"https:\/\/miurltemporal.com/main/triatletasenred.sport.es\/wp-json\/wp\/v2\/comments?post=78035"}],"version-history":[{"count":1,"href":"https:\/\/miurltemporal.com/main/triatletasenred.sport.es\/wp-json\/wp\/v2\/posts\/78035\/revisions"}],"predecessor-version":[{"id":78037,"href":"https:\/\/miurltemporal.com/main/triatletasenred.sport.es\/wp-json\/wp\/v2\/posts\/78035\/revisions\/78037"}],"wp:featuredmedia":[{"embeddable":true,"href":"https:\/\/miurltemporal.com/main/triatletasenred.sport.es\/wp-json\/wp\/v2\/media\/78036"}],"wp:attachment":[{"href":"https:\/\/miurltemporal.com/main/triatletasenred.sport.es\/wp-json\/wp\/v2\/media?parent=78035"}],"wp:term":[{"taxonomy":"category","embeddable":true,"href":"https:\/\/miurltemporal.com/main/triatletasenred.sport.es\/wp-json\/wp\/v2\/categories?post=78035"},{"taxonomy":"post_tag","embeddable":true,"href":"https:\/\/miurltemporal.com/main/triatletasenred.sport.es\/wp-json\/wp\/v2\/tags?post=78035"}],"curies":[{"name":"wp","href":"https:\/\/api.w.org\/{rel}","templated":true}]}}