{"id":77981,"date":"2022-04-04T10:37:00","date_gmt":"2022-04-04T08:37:00","guid":{"rendered":"https:\/\/miurltemporal.com/main/triatletasenred.sport.es\/?p=77981"},"modified":"2022-04-04T10:36:30","modified_gmt":"2022-04-04T08:36:30","slug":"promesasparalimpicasconvocadasparalaconcentraciondefetri","status":"publish","type":"post","link":"https:\/\/miurltemporal.com/main/triatletasenred.sport.es\/actualidad\/promesasparalimpicasconvocadasparalaconcentraciondefetri\/","title":{"rendered":"Estas son las PROMESAS PARAL\u00cdMPICAS convocadas para la concentraci\u00f3n de la FETRI"},"content":{"rendered":"<p><strong>La federaci\u00f3n Espa\u00f1ola de Triatl\u00f3n ha dado a conocer a las Promesas Paral\u00edmpicas convocadas para la pr\u00f3xima concentraci\u00f3n que se realizar\u00e1 en C\u00e1ceres.<\/strong><\/p>\n<p><\/a><\/p>\n<p>El <strong>futuro Paral\u00edmpico espa\u00f1ol<\/strong> se reunir\u00e1 el pr\u00f3ximo <strong>27 de abril<\/strong> en la ciudad extreme\u00f1a de <strong>C\u00e1ceres<\/strong> con el fin de afianzar el grupo, medir rendimiento y motivar a los <strong>prometedores Paratriatletas<\/strong> que representar\u00e1n a Espa\u00f1a en los <strong>Juegos Paral\u00edmpicos<\/strong>.<\/p>\n<p>Antes de nombraros a cada uno de ellos, vamos a explicar las <strong>diferentes categor\u00edas deParatriatl\u00f3n:<\/strong><\/p>\n<p>Existen <strong>nueve categor\u00edas<\/strong> en total, seg\u00fan el <strong>tipo y gravedad<\/strong> de la diversidad funcional, aun que para la <strong>repartici\u00f3n de medallas se dividen en seis<\/strong>. Todas ellas compitiendo en distancia <strong>Sprint<\/strong>.<\/p>\n<p><strong>PTWC (1)<\/strong>:\u00a0deportistas que usan sillas de ruedas con mayor diversidad, <strong>(2)<\/strong> con menor diversidad, usando una Handbike para el segmento de ciclismo y una silla de carreras para la carrera a pie.<\/p>\n<p><strong>PTS2:<\/strong>\u00a0deportistas amputados con mayor gravedad que usan pr\u00f3tesis aprobadas u otros dispositivos de apoyo.<\/p>\n<p><strong>PTS3:<\/strong>\u00a0deportistas amputados con menor gravedad que usan pr\u00f3tesis aprobadas u otros dispositivos de apoyo.<\/p>\n<p><strong>PTS4:<\/strong> deportistas con una diversidad\u00a0moderada, pudiendo usar tambi\u00e9n pr\u00f3tesis aprobadas u otros dispositivos de apoyo.<\/p>\n<p><strong>PTS5:<\/strong>\u00a0deportistas con una diversidad\u00a0leve, pudiendo usar tambi\u00e9n pr\u00f3tesis aprobadas u otros dispositivos de apoyo.<\/p>\n<p><strong>PTVI (1)<\/strong>:\u00a0deportistas que est\u00e1n totalmente ciegos, con ninguna o m\u00ednima percepci\u00f3n de luz en ninguno de los ojos, <strong>(2)<\/strong> con visi\u00f3n parcial reducida, <strong>(3)<\/strong> con visi\u00f3n parcial leve. Deben ir acompa\u00f1ados de un gu\u00eda durante toda la carrera y usar una bicicleta t\u00e1ndem para el segmento de ciclismo.<\/p>\n<p>Aclarado esto, conozcamos a los Paratriatletas\u00a0elegidos para la concentraci\u00f3n de C\u00e1ceres por La Federaci\u00f3n Espa\u00f1ola de Triatl\u00f3n:<\/p>\n<p><strong>FEMENINA<\/strong><\/p>\n<ul>\n<li>PTS3: ANDREA MIGUELEZ RANZ &#8211; CLUB TRIATL\u00d3N 401 &#8211; MADRID<\/li>\n<li>PTS4: C\u00c1RMEN GONZ\u00c1LEZ S\u00c1NCHEZ &#8211; SOBRE 2 RUEDAS BIKES &#8211; ANDALUC\u00cdA<\/li>\n<li>PTS5: CRISTINA MIRANDA ZAMBRANO &#8211; AD TRIATL\u00d3N ECOSPORT ALCOBENDAS &#8211; EXTREMADURA<\/li>\n<\/ul>\n<p><strong>MASCULINO<\/strong><\/p>\n<ul>\n<li>PTS4: SAMUEL RODRIGUEZ MASIAN &#8211; AD TRIATL\u00d3N ECOSPORT ALCOBENDAS &#8211; MADRID<\/li>\n<li>PTS5: BARTOMEU CALDENTEY SANTANDREU &#8211; TRIATLO PORTOCOLOM &#8211; BALEARES<\/li>\n<li>PTS5: ANTONIO FRANCISCO GARC\u00cdA RUBIO &#8211; SOBRE 2 RUEDAS BIKES &#8211; ANDALUC\u00cdA<\/li>\n<li>PTVI: RAFAEL CABELLO S\u00c1NCHEZ &#8211; CD CREDUS &#8211; ANDALUC\u00cdA<\/li>\n<li>PTVI: ABEL TORREBLANCA L\u00d3PEZ &#8211; CT CARAVACA-ORTODENT &#8211; MURCIA<\/li>\n<li>PTVI: JOS\u00c9 CRIST\u00d3BAL RAMOS JIM\u00c9NEZ: SOBRE 2 RUEDAS BIKES &#8211; ANDALUC\u00cdA<\/li>\n<\/ul>\n<div class=\"youtube-embed\" data-video_id=\"9rkZoi4rQzw\"><iframe title=\"H\u00e8ctor Catal\u00e0 &amp; Gustavo Rodr\u00edguez, TANDEM DE ORO\" width=\"696\" height=\"392\" src=\"https:\/\/www.youtube.com\/embed\/9rkZoi4rQzw?feature=oembed&#038;enablejsapi=1\" frameborder=\"0\" allow=\"accelerometer; autoplay; clipboard-write; encrypted-media; gyroscope; picture-in-picture\" allowfullscreen><\/iframe><\/div>\n","protected":false},"excerpt":{"rendered":"<p>La federaci\u00f3n Espa\u00f1ola de Triatl\u00f3n ha dado a conocer a las Promesas Paral\u00edmpicas convocadas para la pr\u00f3xima concentraci\u00f3n en C\u00e1ceres.<\/p>\n","protected":false},"author":322,"featured_media":74540,"comment_status":"closed","ping_status":"closed","sticky":false,"template":"","format":"standard","meta":{"_acf_changed":false,"rank_math_lock_modified_date":false,"footnotes":""},"categories":[17],"tags":[1099,9207],"class_list":{"0":"post-77981","1":"post","2":"type-post","3":"status-publish","4":"format-standard","5":"has-post-thumbnail","7":"category-actualidad","8":"tag-paratriatlon","9":"tag-promesasparalimpicas"},"acf":[],"_links":{"self":[{"href":"https:\/\/miurltemporal.com/main/triatletasenred.sport.es\/wp-json\/wp\/v2\/posts\/77981"}],"collection":[{"href":"https:\/\/miurltemporal.com/main/triatletasenred.sport.es\/wp-json\/wp\/v2\/posts"}],"about":[{"href":"https:\/\/miurltemporal.com/main/triatletasenred.sport.es\/wp-json\/wp\/v2\/types\/post"}],"author":[{"embeddable":true,"href":"https:\/\/miurltemporal.com/main/triatletasenred.sport.es\/wp-json\/wp\/v2\/users\/322"}],"replies":[{"embeddable":true,"href":"https:\/\/miurltemporal.com/main/triatletasenred.sport.es\/wp-json\/wp\/v2\/comments?post=77981"}],"version-history":[{"count":1,"href":"https:\/\/miurltemporal.com/main/triatletasenred.sport.es\/wp-json\/wp\/v2\/posts\/77981\/revisions"}],"predecessor-version":[{"id":77982,"href":"https:\/\/miurltemporal.com/main/triatletasenred.sport.es\/wp-json\/wp\/v2\/posts\/77981\/revisions\/77982"}],"wp:featuredmedia":[{"embeddable":true,"href":"https:\/\/miurltemporal.com/main/triatletasenred.sport.es\/wp-json\/wp\/v2\/media\/74540"}],"wp:attachment":[{"href":"https:\/\/miurltemporal.com/main/triatletasenred.sport.es\/wp-json\/wp\/v2\/media?parent=77981"}],"wp:term":[{"taxonomy":"category","embeddable":true,"href":"https:\/\/miurltemporal.com/main/triatletasenred.sport.es\/wp-json\/wp\/v2\/categories?post=77981"},{"taxonomy":"post_tag","embeddable":true,"href":"https:\/\/miurltemporal.com/main/triatletasenred.sport.es\/wp-json\/wp\/v2\/tags?post=77981"}],"curies":[{"name":"wp","href":"https:\/\/api.w.org\/{rel}","templated":true}]}}