{"id":77936,"date":"2022-03-31T03:17:47","date_gmt":"2022-03-31T01:17:47","guid":{"rendered":"https:\/\/miurltemporal.com/main/triatletasenred.sport.es\/?p=77936"},"modified":"2022-03-31T03:17:47","modified_gmt":"2022-03-31T01:17:47","slug":"el-140-6inn-estrena-maillot-oficial-de-la-mano-de-inverse","status":"publish","type":"post","link":"https:\/\/miurltemporal.com/main/triatletasenred.sport.es\/actualidad\/el-140-6inn-estrena-maillot-oficial-de-la-mano-de-inverse\/","title":{"rendered":"El 140.6INN estrena maillot oficial de la mano de INVERSE"},"content":{"rendered":"<h3>El TRADEINN 140.6INN ya tiene equipaci\u00f3n oficial para su segunda edici\u00f3n, que volver\u00e1 a acoger el Campeonato de Espa\u00f1a de LD y otorgar\u00e1 puntos para el ranking PTO<\/a><\/h3>\n<p>El azul volver\u00e1 a te\u00f1ir la Costa Brava el pr\u00f3ximo 8 de mayo, con la disputa de la segunda edici\u00f3n de la prueba que pretende colocar a Girona y la Costa Brava como una de las capitales europeas del trideporte.<\/p>\n<p>Y como novedad, este a\u00f1o se anticipa uno de los partners del evento, con el lanzamiento del maillot oficial de la carrera, que cuenta con el sello ecofriendly que caracteriza a INVERSE.<\/p>\n<p>Una pieza de gama alta a un precio excelente, con un enfoque hacia la comodidad y la versatilidad de una pieza que admite una primera capa interior, adem\u00e1s de contar con bolsillos traseros grandes por si entrenamos con piezas de abrigo de &#8216;quita y pon&#8217; como el chaleco o los manguitos.<\/p>\n<p>El maillot est\u00e1 disponible<a href=\"https:\/\/www.inverseteams.com\/es\/producto\/maillot-ciclista-manga-corta-elite\/\" rel=\"nofollow noopener\" target=\"_blank\"> a trav\u00e9s de este link<\/a>, accediendo con el c\u00f3digo &#8220;140.6INN2022&#8221;, y a un precio de 35\u20ac. Adem\u00e1s, esta y otras piezas t\u00e9cnicas de la carrera estar\u00e1n disponibles en la feria del corredor de los d\u00edas previos en Platja d&#8217;Aro, el epicentro de la carrera.<\/p>\n<p>\u00daltimos dorsales disponibles <a href=\"https:\/\/www.1406inn.com\/?action=formulario&amp;idioma=spa\" rel=\"nofollow noopener\" target=\"_blank\">en la web de la carrera<\/a><\/p>\n","protected":false},"excerpt":{"rendered":"<p>El TRADEINN 140.6INN ya tiene equipaci\u00f3n oficial para su segunda edici\u00f3n, que volver\u00e1 a acoger el Campeonato de Espa\u00f1a de LD y otorgar\u00e1 puntos para el ranking PTO El azul volver\u00e1 a te\u00f1ir la Costa Brava el pr\u00f3ximo 8 de mayo, con la disputa de la segunda edici\u00f3n de la prueba que pretende colocar a [&hellip;]<\/p>\n","protected":false},"author":309,"featured_media":77937,"comment_status":"closed","ping_status":"closed","sticky":false,"template":"","format":"standard","meta":{"_acf_changed":false,"rank_math_lock_modified_date":false,"footnotes":""},"categories":[17],"tags":[7981,2056,6260],"class_list":{"0":"post-77936","1":"post","2":"type-post","3":"status-publish","4":"format-standard","5":"has-post-thumbnail","7":"category-actualidad","8":"tag-140-6inn","9":"tag-inverse","10":"tag-platja-daro"},"acf":[],"_links":{"self":[{"href":"https:\/\/miurltemporal.com/main/triatletasenred.sport.es\/wp-json\/wp\/v2\/posts\/77936"}],"collection":[{"href":"https:\/\/miurltemporal.com/main/triatletasenred.sport.es\/wp-json\/wp\/v2\/posts"}],"about":[{"href":"https:\/\/miurltemporal.com/main/triatletasenred.sport.es\/wp-json\/wp\/v2\/types\/post"}],"author":[{"embeddable":true,"href":"https:\/\/miurltemporal.com/main/triatletasenred.sport.es\/wp-json\/wp\/v2\/users\/309"}],"replies":[{"embeddable":true,"href":"https:\/\/miurltemporal.com/main/triatletasenred.sport.es\/wp-json\/wp\/v2\/comments?post=77936"}],"version-history":[{"count":2,"href":"https:\/\/miurltemporal.com/main/triatletasenred.sport.es\/wp-json\/wp\/v2\/posts\/77936\/revisions"}],"predecessor-version":[{"id":77940,"href":"https:\/\/miurltemporal.com/main/triatletasenred.sport.es\/wp-json\/wp\/v2\/posts\/77936\/revisions\/77940"}],"wp:featuredmedia":[{"embeddable":true,"href":"https:\/\/miurltemporal.com/main/triatletasenred.sport.es\/wp-json\/wp\/v2\/media\/77937"}],"wp:attachment":[{"href":"https:\/\/miurltemporal.com/main/triatletasenred.sport.es\/wp-json\/wp\/v2\/media?parent=77936"}],"wp:term":[{"taxonomy":"category","embeddable":true,"href":"https:\/\/miurltemporal.com/main/triatletasenred.sport.es\/wp-json\/wp\/v2\/categories?post=77936"},{"taxonomy":"post_tag","embeddable":true,"href":"https:\/\/miurltemporal.com/main/triatletasenred.sport.es\/wp-json\/wp\/v2\/tags?post=77936"}],"curies":[{"name":"wp","href":"https:\/\/api.w.org\/{rel}","templated":true}]}}