{"id":77927,"date":"2022-03-30T17:53:05","date_gmt":"2022-03-30T15:53:05","guid":{"rendered":"https:\/\/miurltemporal.com/main/triatletasenred.sport.es\/?p=77927"},"modified":"2022-03-30T18:17:15","modified_gmt":"2022-03-30T16:17:15","slug":"equipostourdefranciafemenino","status":"publish","type":"post","link":"https:\/\/miurltemporal.com/main/triatletasenred.sport.es\/actualidad\/equipostourdefranciafemenino\/","title":{"rendered":"Conocemos los equipos elegidos para el Tour de Francia Femenino by Zwift"},"content":{"rendered":"<p><strong>El Tour de Francia Femenino by Zwift ha publicado hoy los 24 equipos seleccionados para esta Primera Edici\u00f3n Femenina que se llevar\u00e1 acabo del 24 al 31 de julio.<\/strong><\/p>\n<p><\/a><\/p>\n<p>Despu\u00e9s de 33 a\u00f1os de ausencia, tomaran la salida desde la Torre Eiffel de Paris 24 equipos femeninos, 14\u00a0UCI Women&#8217;s World Teams, los 3 mejores equipos de categor\u00eda Continental de 2021 y 7 equipos invitados por la organizaci\u00f3n, que tras 8 etapas rodando por las carreteras francesas, llegar\u00e1n a la Planche des Belles Filles.<\/p>\n<p>Tanto la divisi\u00f3n como el n\u00famero de equipos sigue el reglamento oficial de la UCI, y los equipos ser\u00e1n:<\/p>\n<p><strong>UCI Women&#8217;s World Teams<\/strong><\/p>\n<p>&nbsp;<\/p>\n<ul>\n<li>Movistar (ESP)<\/li>\n<li>Canyon\/\/SRAM (ALE)<\/li>\n<li>EF Education \u2013 Tibco (USA)<\/li>\n<li>FDJ Nouvelle &#8211; Aquitaine Futuroscope (FRA)<\/li>\n<li>Human Powered Health (USA)<\/li>\n<li>Liv Racing Xstra (PSB)<\/li>\n<li>Roland Cogeas Edelweiss Squad (SUI)<\/li>\n<li>BikeExchange \u2013 Jayco (AUS)<\/li>\n<li>DSM (PSB)<\/li>\n<li>Jumbo \u2013 Visma (PSB)<\/li>\n<li>SD Worx (PSB)<\/li>\n<li>Trek \u2013 Segafredo (USA)<\/li>\n<li>UAE Team ADQ (UAE)<\/li>\n<li>Uno-X Pro Cycling (NOR).<\/li>\n<\/ul>\n<p><strong>Continentales:<\/strong><\/p>\n<ul>\n<li>Ceratizit (ALE)<\/li>\n<li>Parkhotel Valkenburg (PSB)<\/li>\n<li>Valcar Travel (ITA).<\/li>\n<\/ul>\n<p><strong>Invitados:<\/strong><\/p>\n<ul>\n<li>AG Insurance \u2013 NXTG (PSB)<\/li>\n<li>Ark\u00e9a (FRA)<\/li>\n<li>Cofidis (FRA)<\/li>\n<li>Col Wahoo (GBR)<\/li>\n<li>Plantur \u2013 Pura (BEL)<\/li>\n<li>Stade Rochelais (FRA)<\/li>\n<li>St. Michel \u2013 Auber 93 (FRA).<\/li>\n<\/ul>\n<p><img fetchpriority=\"high\" decoding=\"async\" class=\"alignnone size-large wp-image-77929\" src=\"https:\/\/miurltemporal.com/main/triatletasenred.sport.es\/wp-content\/uploads\/Equipos-femeninos-tour-de-francia-2022-1024x1024.jpeg\" alt=\"\" width=\"696\" height=\"696\" srcset=\"https:\/\/miurltemporal.com/main/triatletasenred.sport.es\/wp-content\/uploads\/Equipos-femeninos-tour-de-francia-2022-1024x1024.jpeg 1024w, https:\/\/miurltemporal.com/main/triatletasenred.sport.es\/wp-content\/uploads\/Equipos-femeninos-tour-de-francia-2022-100x100.jpeg 100w, https:\/\/miurltemporal.com/main/triatletasenred.sport.es\/wp-content\/uploads\/Equipos-femeninos-tour-de-francia-2022-700x700.jpeg 700w, https:\/\/miurltemporal.com/main/triatletasenred.sport.es\/wp-content\/uploads\/Equipos-femeninos-tour-de-francia-2022-300x300.jpeg 300w, https:\/\/miurltemporal.com/main/triatletasenred.sport.es\/wp-content\/uploads\/Equipos-femeninos-tour-de-francia-2022-150x150.jpeg 150w, https:\/\/miurltemporal.com/main/triatletasenred.sport.es\/wp-content\/uploads\/Equipos-femeninos-tour-de-francia-2022-768x768.jpeg 768w, https:\/\/miurltemporal.com/main/triatletasenred.sport.es\/wp-content\/uploads\/Equipos-femeninos-tour-de-francia-2022-1536x1536.jpeg 1536w, https:\/\/miurltemporal.com/main/triatletasenred.sport.es\/wp-content\/uploads\/Equipos-femeninos-tour-de-francia-2022.jpeg 2048w, https:\/\/miurltemporal.com/main/triatletasenred.sport.es\/wp-content\/uploads\/Equipos-femeninos-tour-de-francia-2022-696x696.jpeg 696w, https:\/\/miurltemporal.com/main/triatletasenred.sport.es\/wp-content\/uploads\/Equipos-femeninos-tour-de-francia-2022-1068x1068.jpeg 1068w, https:\/\/miurltemporal.com/main/triatletasenred.sport.es\/wp-content\/uploads\/Equipos-femeninos-tour-de-francia-2022-1920x1920.jpeg 1920w, https:\/\/miurltemporal.com/main/triatletasenred.sport.es\/wp-content\/uploads\/Equipos-femeninos-tour-de-francia-2022-420x420.jpeg 420w\" sizes=\"(max-width: 696px) 100vw, 696px\" \/><\/p>\n<p>Por fin tendremos la oportunidad de volver a disfrutar del mas alto nivel del ciclismo femenino, d\u00e1ndoles as\u00ed el lugar que se merece y que tanto a costado conseguir.<\/p>\n<div class=\"youtube-embed\" data-video_id=\"tGtWXSbohrg\"><iframe title=\"Laura G\u00f3mez, el PREMIO \ud83c\udfc6 a la PERSEVERANCIA\" width=\"696\" height=\"392\" src=\"https:\/\/www.youtube.com\/embed\/tGtWXSbohrg?feature=oembed&#038;enablejsapi=1\" frameborder=\"0\" allow=\"accelerometer; autoplay; clipboard-write; encrypted-media; gyroscope; picture-in-picture; web-share\" referrerpolicy=\"strict-origin-when-cross-origin\" allowfullscreen><\/iframe><\/div>\n<p>&nbsp;<\/p>\n<p>&nbsp;<\/p>\n<p>&nbsp;<\/p>\n","protected":false},"excerpt":{"rendered":"<p>El Tour de Francia Femenino by Zwift ha publicado hoy los 24 equipos seleccionados para esta Primera Edici\u00f3n Femenina.<\/p>\n","protected":false},"author":322,"featured_media":77928,"comment_status":"closed","ping_status":"closed","sticky":false,"template":"","format":"standard","meta":{"_acf_changed":false,"rank_math_lock_modified_date":false,"footnotes":""},"categories":[17,19],"tags":[9204],"class_list":{"0":"post-77927","1":"post","2":"type-post","3":"status-publish","4":"format-standard","5":"has-post-thumbnail","7":"category-actualidad","8":"category-competiciones","9":"tag-equiposfemeninostourdefrancia"},"acf":[],"_links":{"self":[{"href":"https:\/\/miurltemporal.com/main/triatletasenred.sport.es\/wp-json\/wp\/v2\/posts\/77927"}],"collection":[{"href":"https:\/\/miurltemporal.com/main/triatletasenred.sport.es\/wp-json\/wp\/v2\/posts"}],"about":[{"href":"https:\/\/miurltemporal.com/main/triatletasenred.sport.es\/wp-json\/wp\/v2\/types\/post"}],"author":[{"embeddable":true,"href":"https:\/\/miurltemporal.com/main/triatletasenred.sport.es\/wp-json\/wp\/v2\/users\/322"}],"replies":[{"embeddable":true,"href":"https:\/\/miurltemporal.com/main/triatletasenred.sport.es\/wp-json\/wp\/v2\/comments?post=77927"}],"version-history":[{"count":1,"href":"https:\/\/miurltemporal.com/main/triatletasenred.sport.es\/wp-json\/wp\/v2\/posts\/77927\/revisions"}],"predecessor-version":[{"id":77930,"href":"https:\/\/miurltemporal.com/main/triatletasenred.sport.es\/wp-json\/wp\/v2\/posts\/77927\/revisions\/77930"}],"wp:featuredmedia":[{"embeddable":true,"href":"https:\/\/miurltemporal.com/main/triatletasenred.sport.es\/wp-json\/wp\/v2\/media\/77928"}],"wp:attachment":[{"href":"https:\/\/miurltemporal.com/main/triatletasenred.sport.es\/wp-json\/wp\/v2\/media?parent=77927"}],"wp:term":[{"taxonomy":"category","embeddable":true,"href":"https:\/\/miurltemporal.com/main/triatletasenred.sport.es\/wp-json\/wp\/v2\/categories?post=77927"},{"taxonomy":"post_tag","embeddable":true,"href":"https:\/\/miurltemporal.com/main/triatletasenred.sport.es\/wp-json\/wp\/v2\/tags?post=77927"}],"curies":[{"name":"wp","href":"https:\/\/api.w.org\/{rel}","templated":true}]}}