{"id":77832,"date":"2022-03-25T07:00:15","date_gmt":"2022-03-25T06:00:15","guid":{"rendered":"https:\/\/miurltemporal.com/main/triatletasenred.sport.es\/?p=77832"},"modified":"2022-03-25T14:01:34","modified_gmt":"2022-03-25T13:01:34","slug":"la-etu-quarteira-vuelve-a-reunir-al-futuro-del-triatlon-espanol","status":"publish","type":"post","link":"https:\/\/miurltemporal.com/main/triatletasenred.sport.es\/actualidad\/la-etu-quarteira-vuelve-a-reunir-al-futuro-del-triatlon-espanol\/","title":{"rendered":"La ETU Quarteira vuelve a reunir al futuro del triatl\u00f3n espa\u00f1ol"},"content":{"rendered":"<h3>La copa de Europa de Quarteria ser\u00e1 el escenario este fin de semana de una oportunidad m\u00e1s para los triatletas que quieren pelear por Paris, de medirse con los rivales m\u00e1s directos<\/h3>\n<p>Vuelve un cl\u00e1sico del principio de temporada en Europa, con sede en Quarteira (Portugal).<\/p>\n<p>Una carrera bajo distancia ol\u00edmpica que acostumbra a marcar el baremo del nivel de los triatletas al inicio de la temporada, y a muy pocas semanas de que arranquen las Series Mundiales. Categor\u00eda d\u00f3nde varios de los deportistas que tomen la salida, esperan en estar, cosechando los puntos necesarios para ganar la plaza.<\/p>\n<p>La carrera con m\u00e1s galones va a ser la femenina, con presencia de la ol\u00edmpica&nbsp;<strong>Summer Rappaport que parte como principal favorita,<\/strong> aunque la brit\u00e1nica<strong> Beth Potter<\/strong> podr\u00eda imponerse si la carrera no est\u00e1 decidida antes del 10k. Otras candidatas a los puestos de honor son Melanie Santos, <strong>Audrey<\/strong>&nbsp;<strong>Marle, Lisa Terstch y Lisa Perterer.<\/strong><\/p>\n<p>La Triarmada est\u00e1 encabezada por <strong>Cecilia<\/strong>&nbsp;<strong>Santamar\u00eda<\/strong>, qui\u00e9n firm\u00f3 un final de 2021 excelente, volvi\u00e9ndose a situar entre las mejores del panorama nacional. La joven triatleta no estar\u00e1 sola, ya que viajan a Portugal otras cracks como son <strong>Ir\u00eda Rodr\u00edguez, Raquel Arostegui, Noelia Juan, Sof\u00eda Aguayo y Marta Pintanel<\/strong>, que si consigue colarse en un gran grupo de cabeza, podr\u00eda ser letal en el 10000m final.<\/p>\n<p>En categor\u00eda masculina, ausencia de grandes nombres con <strong>Casper Stornes<\/strong> como principal favorito. El de CANYON se enfrentar\u00e1 a <strong>Raphael Montoya, Seth Rider<\/strong>, <strong>Justus Niechslag<\/strong> y <strong>Takumi Hojo,&nbsp;<\/strong>como hombres con m\u00e1s n\u00fameros de poder luchar por una victoria. <strong>Pau Noguera y Andr\u00e9s Hilario<\/strong> son nuestros \u00fanicos representantes en la \u00e9lite.<\/p>\n<p>En la prueba junior, <strong>Helena Moragas, Elsa Pena, David Cantero y Miguel Guzm\u00e1n<\/strong> son nuestras mejores bazas, con opci\u00f3n de medalla o triunfo para todos ellos. En este caso, la distancia ser\u00e1 sprint.<\/p>\n<div class=\"youtube-embed\" data-video_id=\"xm5KeeCRfFE\"><iframe title=\"Half Triathlon Pamplona Iru\u00f1a \ud83e\udd19A PAMPLONA HEMOS DE IR \ud83d\udea9\" width=\"696\" height=\"392\" src=\"https:\/\/www.youtube.com\/embed\/xm5KeeCRfFE?start=3&#038;feature=oembed\" frameborder=\"0\" allow=\"accelerometer; autoplay; clipboard-write; encrypted-media; gyroscope; picture-in-picture; web-share\" referrerpolicy=\"strict-origin-when-cross-origin\" allowfullscreen><\/iframe><\/div>\n","protected":false},"excerpt":{"rendered":"<p>La copa de Europa de Quarteria ser\u00e1 el escenario este fin de semana de una oportunidad m\u00e1s para los triatletas que quieren pelear por Paris, de medirse con los rivales m\u00e1s directos Vuelve un cl\u00e1sico del principio de temporada en Europa, con sede en Quarteira (Portugal). Una carrera bajo distancia ol\u00edmpica que acostumbra a marcar [&hellip;]<\/p>\n","protected":false},"author":309,"featured_media":77834,"comment_status":"closed","ping_status":"closed","sticky":false,"template":"","format":"standard","meta":{"_acf_changed":false,"rank_math_lock_modified_date":false,"footnotes":""},"categories":[17,19],"tags":[9192],"class_list":{"0":"post-77832","1":"post","2":"type-post","3":"status-publish","4":"format-standard","5":"has-post-thumbnail","7":"category-actualidad","8":"category-competiciones","9":"tag-etu-quarteira"},"acf":[],"_links":{"self":[{"href":"https:\/\/miurltemporal.com/main/triatletasenred.sport.es\/wp-json\/wp\/v2\/posts\/77832"}],"collection":[{"href":"https:\/\/miurltemporal.com/main/triatletasenred.sport.es\/wp-json\/wp\/v2\/posts"}],"about":[{"href":"https:\/\/miurltemporal.com/main/triatletasenred.sport.es\/wp-json\/wp\/v2\/types\/post"}],"author":[{"embeddable":true,"href":"https:\/\/miurltemporal.com/main/triatletasenred.sport.es\/wp-json\/wp\/v2\/users\/309"}],"replies":[{"embeddable":true,"href":"https:\/\/miurltemporal.com/main/triatletasenred.sport.es\/wp-json\/wp\/v2\/comments?post=77832"}],"version-history":[{"count":2,"href":"https:\/\/miurltemporal.com/main/triatletasenred.sport.es\/wp-json\/wp\/v2\/posts\/77832\/revisions"}],"predecessor-version":[{"id":77839,"href":"https:\/\/miurltemporal.com/main/triatletasenred.sport.es\/wp-json\/wp\/v2\/posts\/77832\/revisions\/77839"}],"wp:featuredmedia":[{"embeddable":true,"href":"https:\/\/miurltemporal.com/main/triatletasenred.sport.es\/wp-json\/wp\/v2\/media\/77834"}],"wp:attachment":[{"href":"https:\/\/miurltemporal.com/main/triatletasenred.sport.es\/wp-json\/wp\/v2\/media?parent=77832"}],"wp:term":[{"taxonomy":"category","embeddable":true,"href":"https:\/\/miurltemporal.com/main/triatletasenred.sport.es\/wp-json\/wp\/v2\/categories?post=77832"},{"taxonomy":"post_tag","embeddable":true,"href":"https:\/\/miurltemporal.com/main/triatletasenred.sport.es\/wp-json\/wp\/v2\/tags?post=77832"}],"curies":[{"name":"wp","href":"https:\/\/api.w.org\/{rel}","templated":true}]}}