{"id":77819,"date":"2022-03-24T01:59:52","date_gmt":"2022-03-24T00:59:52","guid":{"rendered":"https:\/\/miurltemporal.com/main/triatletasenred.sport.es\/?p=77819"},"modified":"2022-03-24T02:35:01","modified_gmt":"2022-03-24T01:35:01","slug":"ander-okamika-lider-volta","status":"publish","type":"post","link":"https:\/\/miurltemporal.com/main/triatletasenred.sport.es\/actualidad\/ander-okamika-lider-volta\/","title":{"rendered":"Ander Okamika se enfunda el maillot de l\u00edder de la monta\u00f1a en la Volta"},"content":{"rendered":"<h3>El corredor del Burgos-BH consigue el mejor logro hasta el momento de su a\u00fan temprana carrera como ciclista profesional, al situarse como el mejor escalador en una prueba World Tour<\/h3>\n<p><\/a><\/p>\n<p>Lejos queda ya ese Campeonato de Espa\u00f1a de Media Distancia en Ibiza, d\u00f3nde <strong>Okamika<\/strong> arras\u00f3 al resto de contrincantes, despu\u00e9s de un brutal parcial ciclista.<\/p>\n<p>No podemos negar que todos los triatletas espa\u00f1oles sentimos algo dentro cuando suena el nombre del de Lekeitio en las retransmisiones del pelot\u00f3n profesional. Ese orgullo crece cuando este corredor se enfunda el maillot de la monta\u00f1a de una prueba de tant\u00edsimo nivel en su 2\u00aa temporada como ciclista profesional.<\/p>\n<p>Para lograrlo, el corredor ha necesitado colarse en la fuga y coronar en cabeza las dos ascensiones puntuables de la jornada (Mont-Louis y la Collada de Tosses). Una fuga que ha conseguido un colch\u00f3n de m\u00e1s de siete minutos respecto al pelot\u00f3n, pero con demasiados intereses por detr\u00e1s, han sido neutralizados antes de la Molina.<\/p>\n<p>Ma\u00f1ana, Oka tiene la oportunidad de defender ma\u00f1ana el maillot de KOM, con tres puertos puntuables, d\u00f3nde se espera que haya movimento de los equipos que quieran pelear por la CG.<\/p>\n<p>En palabras del mismo <strong>Ander:<\/strong><\/p>\n<p>Hemos intentado llegar lo m\u00e1s lejos posible en la fuga. Nos han llegado a dar m\u00e1s de 7 minutos de ventaja, \u00edbamos r\u00e1pido. Pero detr\u00e1s tambi\u00e9n.\u00a0Dada la situaci\u00f3n de carrera, me he centrado en pelear la monta\u00f1a, consiguiendo 20 puntos, y aunque\u00a0he intentado luchar la victoria, al menos nos llevamos ese maillot de l\u00edder de mejor escalador.\u00a0Ten\u00eda algunas dudas para el primer puerto\u00a0por si me pod\u00edan superar,\u00a0pero ya el segundo lo he afrontado con m\u00e1s confianza y he podido sumar el m\u00e1ximo de puntos en ambos pasos\u00bb.<\/p>\n<p>Al igual que <strong>Okamika,<\/strong> otro ex triatleta de renombre nacional que tambi\u00e9n est\u00e1 participando en la Vuelta es <strong>Javier Romo.<\/strong> El ciclista del Astana Qazaqstan Team est\u00e1 corriendo por primera vez en tierras catalanas, siendo la Volta su segunda participaci\u00f3n en una carrera de categor\u00eda World Tour. (En a\u00f1o pasado se estren\u00f3 en la Cl\u00e1sica de San Sebasti\u00e1n).<\/p>\n<p>Perfil completo de <strong>Okamika<\/strong> en ProCyclingStats, <a href=\"https:\/\/www.procyclingstats.com\/rider\/ander-okamika\/2022\" rel=\"nofollow noopener\" target=\"_blank\">aqu\u00ed<\/a>.<\/p>\n<p>Perfil completo de <strong>Romo<\/strong> en ProCyclingStats, <a href=\"https:\/\/www.procyclingstats.com\/rider\/javier-romo\/2022\" rel=\"nofollow noopener\" target=\"_blank\">aqu\u00ed<\/a>.<\/p>\n<div class=\"youtube-embed\" data-video_id=\"xm5KeeCRfFE\"><iframe title=\"Half Triathlon Pamplona Iru\u00f1a \ud83e\udd19A PAMPLONA HEMOS DE IR \ud83d\udea9\" width=\"696\" height=\"392\" src=\"https:\/\/www.youtube.com\/embed\/xm5KeeCRfFE?feature=oembed&#038;enablejsapi=1\" frameborder=\"0\" allow=\"accelerometer; autoplay; clipboard-write; encrypted-media; gyroscope; picture-in-picture; web-share\" referrerpolicy=\"strict-origin-when-cross-origin\" allowfullscreen><\/iframe><\/div>\n","protected":false},"excerpt":{"rendered":"<p>%%excerpt%% El corredor del Burgos-BH consigue el mejor logro hasta el momento de su a\u00fan temprana carrera como ciclista profesional, al situarse como el mejor escalador en una prueba World Tour<\/p>\n","protected":false},"author":309,"featured_media":77820,"comment_status":"closed","ping_status":"closed","sticky":false,"template":"","format":"standard","meta":{"_acf_changed":false,"rank_math_lock_modified_date":false,"footnotes":""},"categories":[17],"tags":[6283,9191],"class_list":{"0":"post-77819","1":"post","2":"type-post","3":"status-publish","4":"format-standard","5":"has-post-thumbnail","7":"category-actualidad","8":"tag-ander-okamika","9":"tag-volta-catalunya"},"acf":[],"_links":{"self":[{"href":"https:\/\/miurltemporal.com/main/triatletasenred.sport.es\/wp-json\/wp\/v2\/posts\/77819"}],"collection":[{"href":"https:\/\/miurltemporal.com/main/triatletasenred.sport.es\/wp-json\/wp\/v2\/posts"}],"about":[{"href":"https:\/\/miurltemporal.com/main/triatletasenred.sport.es\/wp-json\/wp\/v2\/types\/post"}],"author":[{"embeddable":true,"href":"https:\/\/miurltemporal.com/main/triatletasenred.sport.es\/wp-json\/wp\/v2\/users\/309"}],"replies":[{"embeddable":true,"href":"https:\/\/miurltemporal.com/main/triatletasenred.sport.es\/wp-json\/wp\/v2\/comments?post=77819"}],"version-history":[{"count":2,"href":"https:\/\/miurltemporal.com/main/triatletasenred.sport.es\/wp-json\/wp\/v2\/posts\/77819\/revisions"}],"predecessor-version":[{"id":77825,"href":"https:\/\/miurltemporal.com/main/triatletasenred.sport.es\/wp-json\/wp\/v2\/posts\/77819\/revisions\/77825"}],"wp:featuredmedia":[{"embeddable":true,"href":"https:\/\/miurltemporal.com/main/triatletasenred.sport.es\/wp-json\/wp\/v2\/media\/77820"}],"wp:attachment":[{"href":"https:\/\/miurltemporal.com/main/triatletasenred.sport.es\/wp-json\/wp\/v2\/media?parent=77819"}],"wp:term":[{"taxonomy":"category","embeddable":true,"href":"https:\/\/miurltemporal.com/main/triatletasenred.sport.es\/wp-json\/wp\/v2\/categories?post=77819"},{"taxonomy":"post_tag","embeddable":true,"href":"https:\/\/miurltemporal.com/main/triatletasenred.sport.es\/wp-json\/wp\/v2\/tags?post=77819"}],"curies":[{"name":"wp","href":"https:\/\/api.w.org\/{rel}","templated":true}]}}