{"id":77818,"date":"2022-03-24T07:00:30","date_gmt":"2022-03-24T06:00:30","guid":{"rendered":"https:\/\/miurltemporal.com/main/triatletasenred.sport.es\/?p=77818"},"modified":"2022-03-24T07:12:20","modified_gmt":"2022-03-24T06:12:20","slug":"rutinas-entrenamiento-noya","status":"publish","type":"post","link":"https:\/\/miurltemporal.com/main/triatletasenred.sport.es\/actualidad\/rutinas-entrenamiento-noya\/","title":{"rendered":"G\u00f3mez Noya desvela los cambios m\u00e1s importantes en sus nuevas rutinas"},"content":{"rendered":"<h3>\u00a0El gallego ha sido el invitado en The Physical Performance Show, repasando los momentos m\u00e1s brillantes y oscuros de su carrera, adem\u00e1s de dar algunas perlas sobre su nueva rutina de preparaci\u00f3n f\u00edsica<\/h3>\n<p><a href=\"https:\/\/zone3.es\/\" rel=\"nofollow noopener\" target=\"_blank\"><img fetchpriority=\"high\" decoding=\"async\" class=\"aligncenter size-full wp-image-66903\" src=\"https:\/\/miurltemporal.com/main/triatletasenred.sport.es\/wp-content\/uploads\/Banner-Zone3-746x149px.gif\" alt=\"\" width=\"746\" height=\"149\" \/><\/a><\/p>\n<p>En estos \u00faltimos meses y entrevistas, hemos escuchado en repetidas ocasiones al Capit\u00e1n dando un repaso a lo que ha sido su carrera como deportista.<\/p>\n<p>Sus incios y triunfos repentinos en el trideporte, su \u00e9poca de choque con la federaci\u00f3n, sus participaciones ol\u00edmpicas, su rivalidad con los <strong>Brownlee<\/strong>, y su presente en la larga distancia.<\/p>\n<p>Episodios de la longeva vida del mejor triatleta espa\u00f1ol de todos los tiempos, que los que le seguimos los pasos, conocemos al dedillo.<\/p>\n<p>&#8211; El entrenamiento polarizado est\u00e1 tomando protagonismo en un atleta acostumbrado a entrenar en dos velocidades: &#8220;muy fuerte o medio fuerte. Mis rodajes lentos eran como muy lentos a 4:00\/km&#8221;. Sus sensaciones le indican que la relaci\u00f3n es de 70% de trabajo de base aer\u00f3bica, y el 30 restsnte en alta intensidad.<\/p>\n<p>&#8211; La intensidad en la carrera a pie est\u00e1 disminuyendo en favor del ciclismo, la disciplina que a d\u00eda de hoy est\u00e1 destinando m\u00e1s energ\u00edas en su rutina<\/p>\n<p>&#8211; Las series espec\u00edficas en el rodillo son la nueva paliza de la semana, ya no es el entreno de pista. Trabajo de consumo de ox\u00edgeno y series de fuerza<\/p>\n<p>&#8211; Control, seguimiento y mejora del apartado de alimentaci\u00f3n en carrera. Su &#8216;punto d\u00e9bil&#8217; en el incio de su aventura en la larga distancia.<\/p>\n<p>&#8211; El entrenamiento en altura parece estar funcionando a nivel org\u00e1nico en <strong>Javi<\/strong>.<\/p>\n<p>&#8211; Monitorizaci\u00f3n de varios par\u00e1metros para medir la fatiga y la carga de entreno. HRV, calidad del descanso&#8230; Aunque ya usaba un Oura ring en el periodo previo a Tokio.<\/p>\n<p>&#8211; Comida pre carrera favorita: sushi, arroz, pollo, tortilla. Sin embargo no se considera supersticioso en ese aspecto.<\/p>\n<p>&#8211; El entreno que m\u00e1s odia: sesi\u00f3n de nataci\u00f3n larga<\/p>\n<p>&#8211; El entreno que m\u00e1s le gusta -aunque no toque los mismos ritmos- es una sesi\u00f3n fuerte de carrera.<\/p>\n<p>&#8211; <strong>Javi<\/strong> es del lema &#8220;Si a mi me duele, a los otros a\u00fan m\u00e1s&#8221;<\/p>\n<p>&#8211; Sus entrenos m\u00e1s bestias: 8&#215;200 en la piscina, a ritmo de 1:01-1:02\/100m, saliendo cada 2:30. En la pista, su m\u00edtico 8&#215;1000 a 2:42\/km de media.<\/p>\n<p>&#8211; Su resistencia a la fatiga es su mayor arma, lo que le ha hecho ganar a gente que corr\u00eda m\u00e1s<\/p>\n<p>&#8211; Describir\u00eda su estilo de competici\u00f3n como &#8220;eficiente&#8221;<\/p>\n<p>&#8211; Su mayor inspiraci\u00f3n en el deporte: <strong>Miguel Indurain<\/strong>. En el triatl\u00f3n, <strong>Iv\u00e1n Ra\u00f1a<\/strong><\/p>\n<p>Por el momento, <strong>Javi<\/strong> ha anunciado que realizar\u00e1 un \u00faltimo campus en Sierra Nevada, antes de St.George<\/p>\n<p>El 8 veces campe\u00f3n del mundo conclu\u00eda su entrevista dando algunos tips sobre como puede un deportista alargar tanto su carrera en el m\u00e1ximo nivel: Pasi\u00f3n\/motivaci\u00f3n y capacidad de acumular mucho trabajo sin lesiones de por medio. &#8220;Consistencia sin romper r\u00e9cords a diario.&#8221;<\/p>\n<p>El podcast &#8220;<strong>The Physical Performance Show<\/strong>&#8221; est\u00e1 disponible en las principales plataformas, e igualmente puede escucharse a trav\u00e9s <a href=\"https:\/\/content.libsyn.com\/p\/e\/4\/1\/e4130c2130ebe400\/TPPS_ep_315_-_Javier_Gomez.mp3?c_id=122316800&amp;cs_id=122316800&amp;response-content-type=audio%2Fmpeg&amp;Expires=1648084127&amp;Signature=J2jq2NAXHh4yYilpnL1Mm6AgymbFEEA03yUxBRbKvrAAJv~LYS~aIkP41r6majt1lpcbic0EUW5C7SsPHxkXxPLcV9kZ~f-EQglMAre0UkrRnHYm8E5qquS5-9UFZQaHCuqReWwhNNcZWSIlrz~61Sv2no1Nl3Ly9BFf1CFDF8GCiEcSHz9-JhpFYdMz2gUkslfhd-0XZ6OK2VKarG6qMa-p9MrKPk0UI7GjZSzqMEK7YrecoJCTRenyxhXppkvF01rIL6xYRhCc4hcc8RgNuoSkyYaJlKWUS6j6gZocc0EpEQGolAh34QOKuzHcJ5GDLz5rEwOJPDbQ4ThG56SQmg__&amp;Key-Pair-Id=K1YS7LZGUP96OI\" rel=\"nofollow noopener\" target=\"_blank\">de este link<\/a>.<\/p>\n<div class=\"youtube-embed\" data-video_id=\"oWfAAQFBCTo\"><iframe title=\"Triatl\u00f3n en Vena \ud83d\udc89 Con Carlos Prieto. 9\ufe0f\u20e3 a\u00f1os de curro con Javier G\u00f3mez Noya\" width=\"696\" height=\"392\" src=\"https:\/\/www.youtube.com\/embed\/oWfAAQFBCTo?feature=oembed&#038;enablejsapi=1\" frameborder=\"0\" allow=\"accelerometer; autoplay; clipboard-write; encrypted-media; gyroscope; picture-in-picture; web-share\" referrerpolicy=\"strict-origin-when-cross-origin\" allowfullscreen><\/iframe><\/div>\n","protected":false},"excerpt":{"rendered":"<p>\u00a0El gallego ha sido el invitado en The Physical Performance Show, repasando los momentos m\u00e1s brillantes y oscuros de su carrera, adem\u00e1s de dar algunas perlas sobre su nueva rutina de preparaci\u00f3n f\u00edsica En estos \u00faltimos meses y entrevistas, hemos escuchado en repetidas ocasiones al Capit\u00e1n dando un repaso a lo que ha sido su [&hellip;]<\/p>\n","protected":false},"author":309,"featured_media":77019,"comment_status":"closed","ping_status":"closed","sticky":false,"template":"","format":"standard","meta":{"_acf_changed":false,"rank_math_lock_modified_date":false,"footnotes":""},"categories":[17],"tags":[4399],"class_list":{"0":"post-77818","1":"post","2":"type-post","3":"status-publish","4":"format-standard","5":"has-post-thumbnail","7":"category-actualidad","8":"tag-gomez-noya"},"acf":[],"_links":{"self":[{"href":"https:\/\/miurltemporal.com/main/triatletasenred.sport.es\/wp-json\/wp\/v2\/posts\/77818"}],"collection":[{"href":"https:\/\/miurltemporal.com/main/triatletasenred.sport.es\/wp-json\/wp\/v2\/posts"}],"about":[{"href":"https:\/\/miurltemporal.com/main/triatletasenred.sport.es\/wp-json\/wp\/v2\/types\/post"}],"author":[{"embeddable":true,"href":"https:\/\/miurltemporal.com/main/triatletasenred.sport.es\/wp-json\/wp\/v2\/users\/309"}],"replies":[{"embeddable":true,"href":"https:\/\/miurltemporal.com/main/triatletasenred.sport.es\/wp-json\/wp\/v2\/comments?post=77818"}],"version-history":[{"count":4,"href":"https:\/\/miurltemporal.com/main/triatletasenred.sport.es\/wp-json\/wp\/v2\/posts\/77818\/revisions"}],"predecessor-version":[{"id":77831,"href":"https:\/\/miurltemporal.com/main/triatletasenred.sport.es\/wp-json\/wp\/v2\/posts\/77818\/revisions\/77831"}],"wp:featuredmedia":[{"embeddable":true,"href":"https:\/\/miurltemporal.com/main/triatletasenred.sport.es\/wp-json\/wp\/v2\/media\/77019"}],"wp:attachment":[{"href":"https:\/\/miurltemporal.com/main/triatletasenred.sport.es\/wp-json\/wp\/v2\/media?parent=77818"}],"wp:term":[{"taxonomy":"category","embeddable":true,"href":"https:\/\/miurltemporal.com/main/triatletasenred.sport.es\/wp-json\/wp\/v2\/categories?post=77818"},{"taxonomy":"post_tag","embeddable":true,"href":"https:\/\/miurltemporal.com/main/triatletasenred.sport.es\/wp-json\/wp\/v2\/tags?post=77818"}],"curies":[{"name":"wp","href":"https:\/\/api.w.org\/{rel}","templated":true}]}}