{"id":77802,"date":"2022-03-22T07:56:46","date_gmt":"2022-03-22T06:56:46","guid":{"rendered":"https:\/\/miurltemporal.com/main/triatletasenred.sport.es\/?p=77802"},"modified":"2022-03-23T08:16:06","modified_gmt":"2022-03-23T07:16:06","slug":"artiem-half-menorca-2","status":"publish","type":"post","link":"https:\/\/miurltemporal.com/main/triatletasenred.sport.es\/actualidad\/artiem-half-menorca-2\/","title":{"rendered":"El 25 de septiembre tenemos una cita con el IX Artiem Half Menorca"},"content":{"rendered":"<h4>El triatl\u00f3n internacional Artiem Half Menorca ha abierto inscripciones con una oferta promocional hasta el pr\u00f3ximo viernes 25 de marzo.<\/h4>\n<p><a href=\"https:\/\/artiemhalfmenorca.com\/?page_id=45&amp;lang=es\" rel=\"nofollow noopener\" target=\"_blank\"><img fetchpriority=\"high\" decoding=\"async\" class=\"alignnone size-large wp-image-77801\" src=\"https:\/\/miurltemporal.com/main/triatletasenred.sport.es\/wp-content\/uploads\/triatlon-menorca-2-1024x219.jpg\" alt=\"\" width=\"696\" height=\"149\" srcset=\"https:\/\/miurltemporal.com/main/triatletasenred.sport.es\/wp-content\/uploads\/triatlon-menorca-2-1024x219.jpg 1024w, https:\/\/miurltemporal.com/main/triatletasenred.sport.es\/wp-content\/uploads\/triatlon-menorca-2-scaled-700x150.jpg 700w, https:\/\/miurltemporal.com/main/triatletasenred.sport.es\/wp-content\/uploads\/triatlon-menorca-2-300x64.jpg 300w, https:\/\/miurltemporal.com/main/triatletasenred.sport.es\/wp-content\/uploads\/triatlon-menorca-2-768x165.jpg 768w, https:\/\/miurltemporal.com/main/triatletasenred.sport.es\/wp-content\/uploads\/triatlon-menorca-2-1536x329.jpg 1536w, https:\/\/miurltemporal.com/main/triatletasenred.sport.es\/wp-content\/uploads\/triatlon-menorca-2-2048x439.jpg 2048w, https:\/\/miurltemporal.com/main/triatletasenred.sport.es\/wp-content\/uploads\/triatlon-menorca-2-696x149.jpg 696w, https:\/\/miurltemporal.com/main/triatletasenred.sport.es\/wp-content\/uploads\/triatlon-menorca-2-1068x229.jpg 1068w, https:\/\/miurltemporal.com/main/triatletasenred.sport.es\/wp-content\/uploads\/triatlon-menorca-2-1920x411.jpg 1920w, https:\/\/miurltemporal.com/main/triatletasenred.sport.es\/wp-content\/uploads\/triatlon-menorca-2-1960x420.jpg 1960w\" sizes=\"(max-width: 696px) 100vw, 696px\" \/><\/a><\/p>\n<p>Dos distancias en liza : la prueba reina con la modalidad Half para los amantes de la media distancia y la versi\u00f3n Short que cada vez re\u00fane a mas adictos a la corta distancia con ganas de volar raso.<\/p>\n<p>De los recorridos del<strong> Artiem Half de Menorca<\/strong> ya hemos hablado largo y tendido en esta revista en anteriores ocasiones pero vale la pena recordar las bondades de una isla paradis\u00edaca que, como escenario de un triatl\u00f3n, el resultado no puede ser menos que espectacular como afirmamos los que hemos podido competir all\u00ed.<\/p>\n<p>Aderezado con el cari\u00f1o del equipo de Mito Bosch, <strong>Elitechip<\/strong>, y de las gentes de Fornells y su entorno, este Artiem Half Menorca es un &#8220;must do&#8221; de los y las triatletas que busquen un entorno tranquilo y sin masificaciones para disfrutar de nuestro deporte.<\/p>\n<p>El apoyo institucional es b\u00e1sico para cualquier evento y el <strong>Artiem Half Menorca<\/strong> cuenta con con el patrocinio de la Fundaci\u00f3 Foment del Turisme de Menorca, de la Ag\u00e8ncia d\u2019Estrategia Tur\u00edstica de les Illes Balears i del Plan de Recuperaci\u00f3n, Transformaci\u00f3n y Resiliencia del Gobierno algo que dota de recursos a la organizaci\u00f3n y que repercute directamente en los y las triatletas.<\/p>\n<p>Si quer\u00e9is disfrutar de un buen triatl\u00f3n en un buen entorno y con una buena organizaci\u00f3n&#8230;.\u00a1Nos vemos en Menorca el 25 de septiembre!<\/p>\n<p><span class=\"td_btn td_btn_md td_outlined_btn\"><a href=\"https:\/\/artiemhalfmenorca.com\/?page_id=45&amp;lang=es\" rel=\"nofollow noopener\" target=\"_blank\">WEB OFICIAL E INSCRIPCIONES<\/a><\/span><\/p>\n<p><iframe title=\"Triatl\u00f3n en Vena \ud83d\udc89 Con MARIO Mola\" width=\"696\" height=\"392\" src=\"https:\/\/www.youtube.com\/embed\/D9pJRlgm1xU?feature=oembed\" frameborder=\"0\" allow=\"accelerometer; autoplay; clipboard-write; encrypted-media; gyroscope; picture-in-picture; web-share\" referrerpolicy=\"strict-origin-when-cross-origin\" allowfullscreen><\/iframe><\/p>\n","protected":false},"excerpt":{"rendered":"<p>El triatl\u00f3n internacional Artiem Half Menorca ha abierto inscripciones con una oferta promocional hasta el pr\u00f3ximo viernes 25 de marzo.<\/p>\n","protected":false},"author":6,"featured_media":77806,"comment_status":"closed","ping_status":"closed","sticky":false,"template":"","format":"standard","meta":{"_acf_changed":false,"rank_math_lock_modified_date":false,"footnotes":""},"categories":[17],"tags":[9185],"class_list":{"0":"post-77802","1":"post","2":"type-post","3":"status-publish","4":"format-standard","5":"has-post-thumbnail","7":"category-actualidad","8":"tag-artiem-menorca-triatlon"},"acf":[],"_links":{"self":[{"href":"https:\/\/miurltemporal.com/main/triatletasenred.sport.es\/wp-json\/wp\/v2\/posts\/77802"}],"collection":[{"href":"https:\/\/miurltemporal.com/main/triatletasenred.sport.es\/wp-json\/wp\/v2\/posts"}],"about":[{"href":"https:\/\/miurltemporal.com/main/triatletasenred.sport.es\/wp-json\/wp\/v2\/types\/post"}],"author":[{"embeddable":true,"href":"https:\/\/miurltemporal.com/main/triatletasenred.sport.es\/wp-json\/wp\/v2\/users\/6"}],"replies":[{"embeddable":true,"href":"https:\/\/miurltemporal.com/main/triatletasenred.sport.es\/wp-json\/wp\/v2\/comments?post=77802"}],"version-history":[{"count":2,"href":"https:\/\/miurltemporal.com/main/triatletasenred.sport.es\/wp-json\/wp\/v2\/posts\/77802\/revisions"}],"predecessor-version":[{"id":77808,"href":"https:\/\/miurltemporal.com/main/triatletasenred.sport.es\/wp-json\/wp\/v2\/posts\/77802\/revisions\/77808"}],"wp:featuredmedia":[{"embeddable":true,"href":"https:\/\/miurltemporal.com/main/triatletasenred.sport.es\/wp-json\/wp\/v2\/media\/77806"}],"wp:attachment":[{"href":"https:\/\/miurltemporal.com/main/triatletasenred.sport.es\/wp-json\/wp\/v2\/media?parent=77802"}],"wp:term":[{"taxonomy":"category","embeddable":true,"href":"https:\/\/miurltemporal.com/main/triatletasenred.sport.es\/wp-json\/wp\/v2\/categories?post=77802"},{"taxonomy":"post_tag","embeddable":true,"href":"https:\/\/miurltemporal.com/main/triatletasenred.sport.es\/wp-json\/wp\/v2\/tags?post=77802"}],"curies":[{"name":"wp","href":"https:\/\/api.w.org\/{rel}","templated":true}]}}