{"id":77788,"date":"2022-03-22T17:54:02","date_gmt":"2022-03-22T16:54:02","guid":{"rendered":"https:\/\/miurltemporal.com/main/triatletasenred.sport.es\/?p=77788"},"modified":"2022-03-22T17:54:02","modified_gmt":"2022-03-22T16:54:02","slug":"en-libertad-el-conductor-detenido-por-atropellar-mortalmente-a-un-ciclista-en-terrassa","status":"publish","type":"post","link":"https:\/\/miurltemporal.com/main/triatletasenred.sport.es\/actualidad\/en-libertad-el-conductor-detenido-por-atropellar-mortalmente-a-un-ciclista-en-terrassa\/","title":{"rendered":"En libertad el conductor detenido por atropellar mortalmente a un ciclista en Terrassa"},"content":{"rendered":"<p>El conductor que dio positivo en el control de drogas tras el atropello que se cobr\u00f3 una v\u00edctima mortal y dos heridos graves en libertad.<\/p>\n<p><img fetchpriority=\"high\" decoding=\"async\" class=\"aligncenter size-full wp-image-74946\" src=\"https:\/\/miurltemporal.com/main/triatletasenred.sport.es\/wp-content\/uploads\/bannerCanyon_750.gif\" alt=\"\" width=\"700\" height=\"150\" \/><\/p>\n<p>No han pasado ni 72 horas desde el mortal atropello y el juez ha dejado en libertad con cargos al conductor que provoc\u00f3 el accidente mientras conduc\u00eda bajo los efectos de la droga seg\u00fan han avanzado los compa\u00f1eros de Canal Terrassa.<\/p>\n<p>El conductor fue arrestado por los Mossos d&#8217;Esquadra tras el positivo en la prueba de drogas acusado de un delito de homicidio, otro de lesiones e imprudencia grave.<\/p>\n<h3>Se organiza una &#8220;protesta sobre ruedas&#8221;<\/h3>\n<hr \/>\n<p>Una vez m\u00e1s la justicia no parece estar del lado de nuestro colectivo, motivo por el que se ha organizado una protesta sobre ruedas para este pr\u00f3ximo s\u00e1bado 26 de marzo a las 9 de la ma\u00f1ana. El punto de concentraci\u00f3n ser\u00e1 la Masia de Can Petit y desde all\u00ed se desplazar\u00e1n en pelot\u00f3n hacia el punto kilometrico 20.8 donde se produjo el mortal atropello.<\/p>\n<p>El objetivo de la organizaci\u00f3n del Club Deportivo RCR19 es colapsar la carretera para hacer visible el malestar del colectivo de ciclistas por la inseguridad en las carreteras.<\/p>\n<p>&nbsp;<\/p>\n<p>&nbsp;<\/p>\n","protected":false},"excerpt":{"rendered":"<p>El conductor que dio positivo en el control de drogas tras el atropello que se cobr\u00f3 una v\u00edctima mortal y dos heridos graves en libertad.<\/p>\n","protected":false},"author":2,"featured_media":68166,"comment_status":"closed","ping_status":"closed","sticky":false,"template":"","format":"standard","meta":{"_acf_changed":false,"rank_math_lock_modified_date":false,"footnotes":""},"categories":[17],"tags":[],"class_list":{"0":"post-77788","1":"post","2":"type-post","3":"status-publish","4":"format-standard","5":"has-post-thumbnail","7":"category-actualidad"},"acf":[],"_links":{"self":[{"href":"https:\/\/miurltemporal.com/main/triatletasenred.sport.es\/wp-json\/wp\/v2\/posts\/77788"}],"collection":[{"href":"https:\/\/miurltemporal.com/main/triatletasenred.sport.es\/wp-json\/wp\/v2\/posts"}],"about":[{"href":"https:\/\/miurltemporal.com/main/triatletasenred.sport.es\/wp-json\/wp\/v2\/types\/post"}],"author":[{"embeddable":true,"href":"https:\/\/miurltemporal.com/main/triatletasenred.sport.es\/wp-json\/wp\/v2\/users\/2"}],"replies":[{"embeddable":true,"href":"https:\/\/miurltemporal.com/main/triatletasenred.sport.es\/wp-json\/wp\/v2\/comments?post=77788"}],"version-history":[{"count":1,"href":"https:\/\/miurltemporal.com/main/triatletasenred.sport.es\/wp-json\/wp\/v2\/posts\/77788\/revisions"}],"predecessor-version":[{"id":77789,"href":"https:\/\/miurltemporal.com/main/triatletasenred.sport.es\/wp-json\/wp\/v2\/posts\/77788\/revisions\/77789"}],"wp:featuredmedia":[{"embeddable":true,"href":"https:\/\/miurltemporal.com/main/triatletasenred.sport.es\/wp-json\/wp\/v2\/media\/68166"}],"wp:attachment":[{"href":"https:\/\/miurltemporal.com/main/triatletasenred.sport.es\/wp-json\/wp\/v2\/media?parent=77788"}],"wp:term":[{"taxonomy":"category","embeddable":true,"href":"https:\/\/miurltemporal.com/main/triatletasenred.sport.es\/wp-json\/wp\/v2\/categories?post=77788"},{"taxonomy":"post_tag","embeddable":true,"href":"https:\/\/miurltemporal.com/main/triatletasenred.sport.es\/wp-json\/wp\/v2\/tags?post=77788"}],"curies":[{"name":"wp","href":"https:\/\/api.w.org\/{rel}","templated":true}]}}