{"id":77779,"date":"2022-03-22T17:39:35","date_gmt":"2022-03-22T16:39:35","guid":{"rendered":"https:\/\/miurltemporal.com/main/triatletasenred.sport.es\/?p=77779"},"modified":"2022-03-22T17:40:00","modified_gmt":"2022-03-22T16:40:00","slug":"peace-ukranie-sporcks","status":"publish","type":"post","link":"https:\/\/miurltemporal.com/main/triatletasenred.sport.es\/actualidad\/peace-ukranie-sporcks\/","title":{"rendered":"Sporcks lanza su modelo de calcet\u00edn m\u00e1s solidario. Los Peace Ukranie ha recaudado ya m\u00e1s de 3500\u20ac"},"content":{"rendered":"<p>La firma especializada en calcetines deportivos <strong>Sporcks<\/strong>\u00a0se une al apoyo del pueblo ucraniano creando un nuevo dise\u00f1o, \u00a0los\u00a0<strong>Peace Ukranie,\u00a0<\/strong>con los que est\u00e1n recaudando fondos paraayudar a todas las personas que se han visto afectadas por el conflicto Ruso.<\/p>\n<p><a href=\"https:\/\/zone3.es\/\" rel=\"nofollow noopener\" target=\"_blank\"><img fetchpriority=\"high\" decoding=\"async\" class=\"aligncenter size-full wp-image-66903\" src=\"https:\/\/miurltemporal.com/main/triatletasenred.sport.es\/wp-content\/uploads\/Banner-Zone3-746x149px.gif\" alt=\"\" width=\"746\" height=\"149\" \/><\/a><\/p>\n<p>Para ello Sporcks se ha unido a la ONG del chef <strong>Jos\u00e9 Andr\u00e9s<\/strong>, <strong>World Central Kitchen<\/strong>, una\u00a0fundaci\u00f3n solidaria que naci\u00f3 en 2010 cuya labor se centra en repartir comida en cualquier parte del planeta donde existiese una crisis humanitaria, clim\u00e1tica o comunitaria. Esta ONG ser\u00e1 la encargada de comprar los alimentos\u00a0con todo el dinero recaudado por la venta de los calcetines. y hacerlos llegar a la frontera ucraniana con la intenci\u00f3n de aportar un granito de arena mas en esta crisis migratoria.<\/p>\n<p>El chef asturiano ha desplegado en la frontera de\u00a0<strong>Ucrania con Polonia<\/strong>\u00a0una potente infraestructura que ha permitido dar de comer a\u00a0<strong>m\u00e1s de 10.000 refugiados<\/strong>. Surtiendo de alimentos y de bebida a los miles de personas que buscan huir de un conflicto de dimensiones hist\u00f3ricas en la Europa contempor\u00e1nea.<\/p>\n<p>\u201cDespu\u00e9s de ver las duras im\u00e1genes en televisi\u00f3n de todas las migraciones de ucranianos a zonas fronterizas por la invasi\u00f3n rusa decidimos echar una mano. Una situaci\u00f3n as\u00ed en Europa parec\u00eda imposible y por ello decidimos poner en marcha esta iniciativa para ayudar a <strong>World Central Kitchen<\/strong> en su encomiable labor solidaria\u201d, comenta <strong>\u00c1lex Purvis,<\/strong> que junto a <strong>Jorge Ort\u00ed<\/strong> son los CEO de <strong>SPORCKS<\/strong>.<\/p>\n<p>La primera aportaci\u00f3n de <strong>SPORCKS<\/strong> ha superado los 3500 euros de recaudaci\u00f3n y <a href=\"https:\/\/sporcks.com\/producto\/peace-ukraine-charity\/\" rel=\"nofollow noopener\" target=\"_blank\">aun puedes conseguirlos en su p\u00e1gina web.<\/a><\/p>\n<p>Los\u00a0<strong>Peace Ukranie<\/strong>\u00a0est\u00e1n fabricados en Espa\u00f1a e incorporan las tecnolog\u00edas habituales de <strong>Sporcks<\/strong> como son <strong>COOLMAX\u00ae<\/strong> un poli\u00e9ster dise\u00f1ado para combatir y absorber la humedad con el fin de mantenerse fresco y seco con todo lo que ello supone para la comodidad,\u00a0<strong>\u00a0y VAPORFEEL\u00ae,<\/strong>\u00a0una poliamida dura y robusta con gran recuperaci\u00f3n despu\u00e9s de estirarse que mantiene un equilibrio natural de la piel y reduce los malos olores.\u00a0Adem\u00e1s, presenta un refuerzo antirozaduras en punta y tal\u00f3n y la ca\u00f1a media presenta una compresi\u00f3n que favorece la adaptaci\u00f3n y la comodidad.<\/p>\n<p>La primera aportaci\u00f3n de <strong>SPORCKS<\/strong> ha superado los 3500 euros. El calcet\u00edn sigue a la venta a trav\u00e9s sporcks.com. \u00bfTe unes a la causa?<\/p>\n","protected":false},"excerpt":{"rendered":"<p>Sporcks lanza su modelo de calcet\u00edn m\u00e1s solidario, Peace Ukranie ha recaudado ya m\u00e1s de 3500\u20ac donados a las v\u00edctimas del conflicto b\u00e9lico.<\/p>\n","protected":false},"author":322,"featured_media":77782,"comment_status":"closed","ping_status":"closed","sticky":false,"template":"","format":"standard","meta":{"_acf_changed":false,"rank_math_lock_modified_date":false,"footnotes":""},"categories":[17],"tags":[9184,6187],"class_list":{"0":"post-77779","1":"post","2":"type-post","3":"status-publish","4":"format-standard","5":"has-post-thumbnail","7":"category-actualidad","8":"tag-pace-ukramie","9":"tag-sporcks"},"acf":[],"_links":{"self":[{"href":"https:\/\/miurltemporal.com/main/triatletasenred.sport.es\/wp-json\/wp\/v2\/posts\/77779"}],"collection":[{"href":"https:\/\/miurltemporal.com/main/triatletasenred.sport.es\/wp-json\/wp\/v2\/posts"}],"about":[{"href":"https:\/\/miurltemporal.com/main/triatletasenred.sport.es\/wp-json\/wp\/v2\/types\/post"}],"author":[{"embeddable":true,"href":"https:\/\/miurltemporal.com/main/triatletasenred.sport.es\/wp-json\/wp\/v2\/users\/322"}],"replies":[{"embeddable":true,"href":"https:\/\/miurltemporal.com/main/triatletasenred.sport.es\/wp-json\/wp\/v2\/comments?post=77779"}],"version-history":[{"count":4,"href":"https:\/\/miurltemporal.com/main/triatletasenred.sport.es\/wp-json\/wp\/v2\/posts\/77779\/revisions"}],"predecessor-version":[{"id":77784,"href":"https:\/\/miurltemporal.com/main/triatletasenred.sport.es\/wp-json\/wp\/v2\/posts\/77779\/revisions\/77784"}],"wp:featuredmedia":[{"embeddable":true,"href":"https:\/\/miurltemporal.com/main/triatletasenred.sport.es\/wp-json\/wp\/v2\/media\/77782"}],"wp:attachment":[{"href":"https:\/\/miurltemporal.com/main/triatletasenred.sport.es\/wp-json\/wp\/v2\/media?parent=77779"}],"wp:term":[{"taxonomy":"category","embeddable":true,"href":"https:\/\/miurltemporal.com/main/triatletasenred.sport.es\/wp-json\/wp\/v2\/categories?post=77779"},{"taxonomy":"post_tag","embeddable":true,"href":"https:\/\/miurltemporal.com/main/triatletasenred.sport.es\/wp-json\/wp\/v2\/tags?post=77779"}],"curies":[{"name":"wp","href":"https:\/\/api.w.org\/{rel}","templated":true}]}}